{"id":10380,"date":"2019-06-05T11:27:44","date_gmt":"2019-06-05T09:27:44","guid":{"rendered":"https:\/\/www.domywstylu.pl\/blog\/?p=10380"},"modified":"2025-05-16T11:15:33","modified_gmt":"2025-05-16T09:15:33","slug":"blachodachowka-modulowa-ruukki-frigge-serce-twojego-domu","status":"publish","type":"post","link":"https:\/\/www.domywstylu.pl\/blog\/2019\/06\/05\/blachodachowka-modulowa-ruukki-frigge-serce-twojego-domu\/","title":{"rendered":"Blachodach\u00f3wka modu\u0142owa Ruukki\u00ae Frigge- serce Twojego domu"},"content":{"rendered":"<p class=\"western\"><span style=\"font-family: Arial, serif;\">Oferta pokry\u0107 dachowych Ruukki Polska zostaje wzbogacona o<\/span><span style=\"font-family: Arial, serif;\"> nowe pokrycie dachowe \u2013 Ruukki\u00ae Frigge.\u00a0Ruukki\u00ae Frigge to nowoczesny i estetyczny dach na ka\u017cd\u0105 kiesze\u0144. Prosta, ciekawa forma oraz szeroki wyb\u00f3r pow\u0142ok i kolor\u00f3w blachodach\u00f3wki modu\u0142owej Ruukki Frigge \u2013 to cechy, kt\u00f3re pozwol\u0105 spe\u0142ni\u0107 oczekiwania ka\u017cdego Klienta.<\/span><\/p>\n<p><img loading=\"lazy\" decoding=\"async\" class=\"aligncenter size-large wp-image-10387\" src=\"https:\/\/www.domywstylu.pl\/blog\/wp-content\/uploads\/2019\/06\/Modu\u0142-Ruukki-Frigge-1-1024x614.jpg\" alt=\"\" width=\"960\" height=\"576\" srcset=\"https:\/\/www.domywstylu.pl\/blog\/wp-content\/uploads\/2019\/06\/Modu\u0142-Ruukki-Frigge-1-1024x614.jpg 1024w, https:\/\/www.domywstylu.pl\/blog\/wp-content\/uploads\/2019\/06\/Modu\u0142-Ruukki-Frigge-1-300x180.jpg 300w, https:\/\/www.domywstylu.pl\/blog\/wp-content\/uploads\/2019\/06\/Modu\u0142-Ruukki-Frigge-1-768x461.jpg 768w, https:\/\/www.domywstylu.pl\/blog\/wp-content\/uploads\/2019\/06\/Modu\u0142-Ruukki-Frigge-1-1140x684.jpg 1140w\" sizes=\"auto, (max-width: 960px) 100vw, 960px\" \/><\/p>\n<p class=\"western\"><span style=\"font-family: Arial, serif;\">Ruukki\u00ae Frigge<\/span><span style=\"font-family: Arial, serif;\"> to nowoczesna blachodach\u00f3wka modu\u0142owa, kt\u00f3ra doskonale wpisuje si\u0119 we wsp\u00f3\u0142czesne trendy architektoniczne i potrzeby wszystkich Klient\u00f3w. Blachodach\u00f3wka modu\u0142owa powsta\u0142a w wyniku prac zespo\u0142u projektowego przy wsp\u00f3\u0142pracy z Klientami oraz wykonawcami. Dzi\u0119ki takiej kooperacji produkt posiada szereg unikalnych cech wp\u0142ywaj\u0105cych pozytywnie na proces monta\u017cu, u\u017cytkowania oraz wygl\u0105d ca\u0142ego dachu.<\/span><\/p>\n<p><img loading=\"lazy\" decoding=\"async\" class=\"aligncenter size-large wp-image-10388\" src=\"https:\/\/www.domywstylu.pl\/blog\/wp-content\/uploads\/2019\/06\/Ruukki-Frigge-1-1024x576.jpg\" alt=\"\" width=\"960\" height=\"540\" srcset=\"https:\/\/www.domywstylu.pl\/blog\/wp-content\/uploads\/2019\/06\/Ruukki-Frigge-1-1024x576.jpg 1024w, https:\/\/www.domywstylu.pl\/blog\/wp-content\/uploads\/2019\/06\/Ruukki-Frigge-1-300x169.jpg 300w, https:\/\/www.domywstylu.pl\/blog\/wp-content\/uploads\/2019\/06\/Ruukki-Frigge-1-768x432.jpg 768w, https:\/\/www.domywstylu.pl\/blog\/wp-content\/uploads\/2019\/06\/Ruukki-Frigge-1-1140x641.jpg 1140w, https:\/\/www.domywstylu.pl\/blog\/wp-content\/uploads\/2019\/06\/Ruukki-Frigge-1.jpg 1920w\" sizes=\"auto, (max-width: 960px) 100vw, 960px\" \/><\/p>\n<p class=\"western\"><span style=\"font-family: Arial, serif;\">Najwa\u017cniejsze cechy nowej blachodach\u00f3wki:<\/span><\/p>\n<p class=\"western\">\u2022 <span style=\"font-family: Arial, serif;\">modu\u0142owo\u015b\u0107, dzi\u0119ki kt\u00f3rej dach jest \u0142atwy w transporcie oraz monta\u017cu, a ilo\u015b\u0107 odpad\u00f3w jest zredukowana do minimum,<\/span><\/p>\n<p class=\"western\">\u2022 <span style=\"font-family: Arial, serif;\">symetryczny kszta\u0142t pozwalaj\u0105cy na monta\u017c w dowolnym kierunku, tj. od lewej do prawej i od prawej do lewej,<\/span><\/p>\n<p class=\"western\">\u2022 <span style=\"font-family: Arial, serif;\">du\u017ca powierzchnia podparcia na \u0142acie, poprawiaj\u0105ca odporno\u015b\u0107 na uszkodzenia podczas monta\u017cu i u\u0142atwiaj\u0105ca monta\u017c akcesori\u00f3w dachowych,<\/span><\/p>\n<p class=\"western\">\u2022 <span style=\"font-family: Arial, serif;\">ci\u0119cie po fali poprawiaj\u0105ce estetyk\u0119 po\u0142\u0105cze\u0144 i kraw\u0119dzi dachu,<\/span><\/p>\n<p class=\"western\">\u2022 <span style=\"font-family: Arial, serif;\">specjalne zag\u0142\u0119bienia monta\u017cowe u\u0142atwiaj\u0105ce posadowienie wkr\u0119t\u00f3w<\/span><\/p>\n<p><img loading=\"lazy\" decoding=\"async\" class=\"aligncenter size-large wp-image-10383\" src=\"https:\/\/www.domywstylu.pl\/blog\/wp-content\/uploads\/2019\/06\/Ruukki-Frigge-modul-1024x614.jpg\" alt=\"\" width=\"960\" height=\"576\" srcset=\"https:\/\/www.domywstylu.pl\/blog\/wp-content\/uploads\/2019\/06\/Ruukki-Frigge-modul-1024x614.jpg 1024w, https:\/\/www.domywstylu.pl\/blog\/wp-content\/uploads\/2019\/06\/Ruukki-Frigge-modul-300x180.jpg 300w, https:\/\/www.domywstylu.pl\/blog\/wp-content\/uploads\/2019\/06\/Ruukki-Frigge-modul-768x461.jpg 768w, https:\/\/www.domywstylu.pl\/blog\/wp-content\/uploads\/2019\/06\/Ruukki-Frigge-modul-1140x684.jpg 1140w\" sizes=\"auto, (max-width: 960px) 100vw, 960px\" \/><\/p>\n<p class=\"western\"><span style=\"font-family: Arial, serif;\">Blachodach\u00f3wka <\/span><span style=\"font-family: Arial, serif;\">Ruukki\u00ae Frigge<\/span><span style=\"font-family: Arial, serif;\"> wyst\u0119puje w\u00a0siedmiu najpopularniejszych kolorach, kt\u00f3re \u015bwietnie wpisuj\u0105 si\u0119 w\u00a0nowoczesne budownictwo \u2013 czarnym, wi\u015bniowym, czekoladowobr\u0105zowym, ciemnobr\u0105zowym, ceglastym, antracytowym i grafitowym.<\/span><\/p>\n<p class=\"western\"><span style=\"font-family: Arial, serif;\">Wi\u0119cej informacji o produkcie na<\/span><span style=\"color: #002060;\"><span style=\"font-family: Arial, serif;\">: <\/span><\/span><a class=\"western\" href=\"http:\/\/www.ruukkidachy.pl\/frigge\" rel=\"nofollow\" target=\"_blank\"><span style=\"color: #0000ff;\"><span style=\"font-family: Arial, serif;\"><u>www.ruukkidachy.pl\/frigge<\/u><\/span><\/span><\/a><\/p>\n","protected":false},"excerpt":{"rendered":"<p>Oferta pokry\u0107 dachowych Ruukki Polska zostaje wzbogacona o nowe pokrycie dachowe \u2013 Ruukki\u00ae Frigge.\u00a0Ruukki\u00ae Frigge to nowoczesny i estetyczny dach na ka\u017cd\u0105 kiesze\u0144. Prosta, ciekawa forma oraz szeroki wyb\u00f3r pow\u0142ok i kolor\u00f3w blachodach\u00f3wki modu\u0142owej Ruukki Frigge \u2013 to cechy, kt\u00f3re pozwol\u0105 spe\u0142ni\u0107 oczekiwania ka\u017cdego Klienta. Ruukki\u00ae Frigge to nowoczesna blachodach\u00f3wka modu\u0142owa, kt\u00f3ra doskonale wpisuje si\u0119 we wsp\u00f3\u0142czesne trendy architektoniczne i potrzeby wszystkich Klient\u00f3w. Blachodach\u00f3wka modu\u0142owa powsta\u0142a w wyniku prac zespo\u0142u projektowego przy wsp\u00f3\u0142pracy z Klientami oraz wykonawcami. Dzi\u0119ki takiej kooperacji produkt posiada szereg unikalnych cech wp\u0142ywaj\u0105cych pozytywnie na proces monta\u017cu, u\u017cytkowania oraz wygl\u0105d ca\u0142ego dachu. Najwa\u017cniejsze cechy nowej blachodach\u00f3wki: \u2022 modu\u0142owo\u015b\u0107, dzi\u0119ki kt\u00f3rej dach jest \u0142atwy w transporcie oraz monta\u017cu, a ilo\u015b\u0107 odpad\u00f3w jest zredukowana do minimum, \u2022 symetryczny kszta\u0142t pozwalaj\u0105cy na monta\u017c w dowolnym kierunku, tj. od lewej do prawej i od prawej do lewej, \u2022 du\u017ca powierzchnia podparcia na \u0142acie, poprawiaj\u0105ca odporno\u015b\u0107 na uszkodzenia podczas monta\u017cu i u\u0142atwiaj\u0105ca monta\u017c akcesori\u00f3w dachowych, \u2022 ci\u0119cie po fali poprawiaj\u0105ce estetyk\u0119 po\u0142\u0105cze\u0144 i kraw\u0119dzi dachu, \u2022 specjalne zag\u0142\u0119bienia monta\u017cowe u\u0142atwiaj\u0105ce posadowienie wkr\u0119t\u00f3w Blachodach\u00f3wka Ruukki\u00ae Frigge wyst\u0119puje w\u00a0siedmiu najpopularniejszych kolorach, kt\u00f3re \u015bwietnie wpisuj\u0105 si\u0119 w\u00a0nowoczesne budownictwo \u2013 czarnym, wi\u015bniowym, czekoladowobr\u0105zowym, ciemnobr\u0105zowym, ceglastym, antracytowym i grafitowym. Wi\u0119cej informacji o produkcie na: www.ruukkidachy.pl\/frigge<\/p>\n","protected":false},"author":1,"featured_media":10381,"comment_status":"open","ping_status":"open","sticky":false,"template":"","format":"standard","meta":{"footnotes":""},"categories":[1],"tags":[],"class_list":["post-10380","post","type-post","status-publish","format-standard","has-post-thumbnail","hentry","category-aktualnosci"],"_links":{"self":[{"href":"https:\/\/www.domywstylu.pl\/blog\/wp-json\/wp\/v2\/posts\/10380","targetHints":{"allow":["GET"]}}],"collection":[{"href":"https:\/\/www.domywstylu.pl\/blog\/wp-json\/wp\/v2\/posts"}],"about":[{"href":"https:\/\/www.domywstylu.pl\/blog\/wp-json\/wp\/v2\/types\/post"}],"author":[{"embeddable":true,"href":"https:\/\/www.domywstylu.pl\/blog\/wp-json\/wp\/v2\/users\/1"}],"replies":[{"embeddable":true,"href":"https:\/\/www.domywstylu.pl\/blog\/wp-json\/wp\/v2\/comments?post=10380"}],"version-history":[{"count":7,"href":"https:\/\/www.domywstylu.pl\/blog\/wp-json\/wp\/v2\/posts\/10380\/revisions"}],"predecessor-version":[{"id":13975,"href":"https:\/\/www.domywstylu.pl\/blog\/wp-json\/wp\/v2\/posts\/10380\/revisions\/13975"}],"wp:featuredmedia":[{"embeddable":true,"href":"https:\/\/www.domywstylu.pl\/blog\/wp-json\/wp\/v2\/media\/10381"}],"wp:attachment":[{"href":"https:\/\/www.domywstylu.pl\/blog\/wp-json\/wp\/v2\/media?parent=10380"}],"wp:term":[{"taxonomy":"category","embeddable":true,"href":"https:\/\/www.domywstylu.pl\/blog\/wp-json\/wp\/v2\/categories?post=10380"},{"taxonomy":"post_tag","embeddable":true,"href":"https:\/\/www.domywstylu.pl\/blog\/wp-json\/wp\/v2\/tags?post=10380"}],"curies":[{"name":"wp","href":"https:\/\/api.w.org\/{rel}","templated":true}]}}