{"id":11626,"date":"2021-07-08T14:24:10","date_gmt":"2021-07-08T12:24:10","guid":{"rendered":"https:\/\/www.domywstylu.pl\/blog\/?p=11626"},"modified":"2025-04-22T14:42:54","modified_gmt":"2025-04-22T12:42:54","slug":"zdjecia-z-realizacji-projektu-domu-malutki-2","status":"publish","type":"post","link":"https:\/\/www.domywstylu.pl\/blog\/2021\/07\/08\/zdjecia-z-realizacji-projektu-domu-malutki-2\/","title":{"rendered":"Zdj\u0119cia z realizacji projektu domu Malutki 2"},"content":{"rendered":"<p style=\"text-align: justify;\">MALUTKI 2 to projekt domu z u\u017cytkowym poddaszem o powierzchni u\u017cytkowej 90 m2.\u00a0Dom zapewni pe\u0142en komfort u\u017cytkowania dla 3-4-osobowej rodziny.\u00a0 \u015awietnie wpisuje si\u0119 w trendy nowoczesnej architektury. Ta minimalistyczna forma przypadnie do gustu r\u00f3wnie\u017c osobom nie do ko\u0144ca przekonanym do nowoczesnych trend\u00f3w. Prosta bry\u0142a przykryta dwuspadowym dachem bez okap\u00f3w, wykorzystanie naturalnych materia\u0142\u00f3w przy wyko\u0144czeniu elewacji \u2013 to typowe cechy projekt\u00f3w dom\u00f3w w stylu nowoczesnej stodo\u0142y.<\/p>\n<p><img loading=\"lazy\" decoding=\"async\" class=\"aligncenter size-full wp-image-11628\" src=\"https:\/\/www.domywstylu.pl\/blog\/wp-content\/uploads\/2021\/07\/malutki_2_r04.jpg\" alt=\"\" width=\"480\" height=\"600\" srcset=\"https:\/\/www.domywstylu.pl\/blog\/wp-content\/uploads\/2021\/07\/malutki_2_r04.jpg 480w, https:\/\/www.domywstylu.pl\/blog\/wp-content\/uploads\/2021\/07\/malutki_2_r04-240x300.jpg 240w\" sizes=\"auto, (max-width: 480px) 100vw, 480px\" \/> <img loading=\"lazy\" decoding=\"async\" class=\"aligncenter size-full wp-image-11630\" src=\"https:\/\/www.domywstylu.pl\/blog\/wp-content\/uploads\/2021\/07\/malutki_2_r06-1.jpg\" alt=\"\" width=\"450\" height=\"600\" srcset=\"https:\/\/www.domywstylu.pl\/blog\/wp-content\/uploads\/2021\/07\/malutki_2_r06-1.jpg 450w, https:\/\/www.domywstylu.pl\/blog\/wp-content\/uploads\/2021\/07\/malutki_2_r06-1-225x300.jpg 225w\" sizes=\"auto, (max-width: 450px) 100vw, 450px\" \/> <img loading=\"lazy\" decoding=\"async\" class=\"aligncenter size-full wp-image-11631\" src=\"https:\/\/www.domywstylu.pl\/blog\/wp-content\/uploads\/2021\/07\/malutki_2_r06.jpg\" alt=\"\" width=\"450\" height=\"600\" srcset=\"https:\/\/www.domywstylu.pl\/blog\/wp-content\/uploads\/2021\/07\/malutki_2_r06.jpg 450w, https:\/\/www.domywstylu.pl\/blog\/wp-content\/uploads\/2021\/07\/malutki_2_r06-225x300.jpg 225w\" sizes=\"auto, (max-width: 450px) 100vw, 450px\" \/><\/p>\n<p><img loading=\"lazy\" decoding=\"async\" class=\"aligncenter size-full wp-image-11629\" src=\"https:\/\/www.domywstylu.pl\/blog\/wp-content\/uploads\/2021\/07\/malutki_2_r05.jpg\" alt=\"\" width=\"600\" height=\"600\" srcset=\"https:\/\/www.domywstylu.pl\/blog\/wp-content\/uploads\/2021\/07\/malutki_2_r05.jpg 600w, https:\/\/www.domywstylu.pl\/blog\/wp-content\/uploads\/2021\/07\/malutki_2_r05-150x150.jpg 150w, https:\/\/www.domywstylu.pl\/blog\/wp-content\/uploads\/2021\/07\/malutki_2_r05-300x300.jpg 300w, https:\/\/www.domywstylu.pl\/blog\/wp-content\/uploads\/2021\/07\/malutki_2_r05-75x75.jpg 75w\" sizes=\"auto, (max-width: 600px) 100vw, 600px\" \/><\/p>\n<p><img loading=\"lazy\" decoding=\"async\" class=\"aligncenter size-full wp-image-11632\" src=\"https:\/\/www.domywstylu.pl\/blog\/wp-content\/uploads\/2021\/07\/malutki_2_r08.jpg\" alt=\"\" width=\"600\" height=\"600\" srcset=\"https:\/\/www.domywstylu.pl\/blog\/wp-content\/uploads\/2021\/07\/malutki_2_r08.jpg 600w, https:\/\/www.domywstylu.pl\/blog\/wp-content\/uploads\/2021\/07\/malutki_2_r08-150x150.jpg 150w, https:\/\/www.domywstylu.pl\/blog\/wp-content\/uploads\/2021\/07\/malutki_2_r08-300x300.jpg 300w, https:\/\/www.domywstylu.pl\/blog\/wp-content\/uploads\/2021\/07\/malutki_2_r08-75x75.jpg 75w\" sizes=\"auto, (max-width: 600px) 100vw, 600px\" \/><\/p>\n<p>Wi\u0119cej zdj\u0119\u0107 z realizacji oraz szczeg\u00f3\u0142y projektu na stronie: <span style=\"color: #0000ff;\"><span style=\"text-decoration: underline;\"><a style=\"color: #0000ff; text-decoration: underline;\" href=\"https:\/\/www.domywstylu.pl\/projekt-domu-malutki_2.php\">Projekt domu Malutki 2<\/a><\/span><\/span><\/p>\n","protected":false},"excerpt":{"rendered":"<p>MALUTKI 2 to projekt domu z u\u017cytkowym poddaszem o powierzchni u\u017cytkowej 90 m2.\u00a0Dom zapewni pe\u0142en komfort u\u017cytkowania dla 3-4-osobowej rodziny.\u00a0 \u015awietnie wpisuje si\u0119 w trendy nowoczesnej architektury. Ta minimalistyczna forma przypadnie do gustu r\u00f3wnie\u017c osobom nie do ko\u0144ca przekonanym do nowoczesnych trend\u00f3w. Prosta bry\u0142a przykryta dwuspadowym dachem bez okap\u00f3w, wykorzystanie naturalnych materia\u0142\u00f3w przy wyko\u0144czeniu elewacji \u2013 to typowe cechy projekt\u00f3w dom\u00f3w w stylu nowoczesnej stodo\u0142y. Wi\u0119cej zdj\u0119\u0107 z realizacji oraz szczeg\u00f3\u0142y projektu na stronie: Projekt domu Malutki 2<\/p>\n","protected":false},"author":1,"featured_media":11627,"comment_status":"open","ping_status":"open","sticky":false,"template":"","format":"standard","meta":{"footnotes":""},"categories":[6],"tags":[],"class_list":["post-11626","post","type-post","status-publish","format-standard","has-post-thumbnail","hentry","category-foto-reportaze"],"_links":{"self":[{"href":"https:\/\/www.domywstylu.pl\/blog\/wp-json\/wp\/v2\/posts\/11626","targetHints":{"allow":["GET"]}}],"collection":[{"href":"https:\/\/www.domywstylu.pl\/blog\/wp-json\/wp\/v2\/posts"}],"about":[{"href":"https:\/\/www.domywstylu.pl\/blog\/wp-json\/wp\/v2\/types\/post"}],"author":[{"embeddable":true,"href":"https:\/\/www.domywstylu.pl\/blog\/wp-json\/wp\/v2\/users\/1"}],"replies":[{"embeddable":true,"href":"https:\/\/www.domywstylu.pl\/blog\/wp-json\/wp\/v2\/comments?post=11626"}],"version-history":[{"count":4,"href":"https:\/\/www.domywstylu.pl\/blog\/wp-json\/wp\/v2\/posts\/11626\/revisions"}],"predecessor-version":[{"id":11636,"href":"https:\/\/www.domywstylu.pl\/blog\/wp-json\/wp\/v2\/posts\/11626\/revisions\/11636"}],"wp:featuredmedia":[{"embeddable":true,"href":"https:\/\/www.domywstylu.pl\/blog\/wp-json\/wp\/v2\/media\/11627"}],"wp:attachment":[{"href":"https:\/\/www.domywstylu.pl\/blog\/wp-json\/wp\/v2\/media?parent=11626"}],"wp:term":[{"taxonomy":"category","embeddable":true,"href":"https:\/\/www.domywstylu.pl\/blog\/wp-json\/wp\/v2\/categories?post=11626"},{"taxonomy":"post_tag","embeddable":true,"href":"https:\/\/www.domywstylu.pl\/blog\/wp-json\/wp\/v2\/tags?post=11626"}],"curies":[{"name":"wp","href":"https:\/\/api.w.org\/{rel}","templated":true}]}}