{"id":12265,"date":"2022-03-07T11:58:32","date_gmt":"2022-03-07T10:58:32","guid":{"rendered":"https:\/\/www.domywstylu.pl\/blog\/?p=12265"},"modified":"2022-03-07T11:58:32","modified_gmt":"2022-03-07T10:58:32","slug":"nowosc-w-ofercie-projekt-domu-temida","status":"publish","type":"post","link":"https:\/\/www.domywstylu.pl\/blog\/2022\/03\/07\/nowosc-w-ofercie-projekt-domu-temida\/","title":{"rendered":"Nowo\u015b\u0107 w ofercie &#8211; Projekt domu Temida"},"content":{"rendered":"<p>Temida to nowo\u015b\u0107 w ofercie\u00a0projekt\u00f3w dom\u00f3w parterowych, kt\u00f3ry cechuje si\u0119 oryginaln\u0105 stylistyk\u0105 oraz \u015bwietnie dopracowanym uk\u0142adem funkcjonalnym. Jest odpowiedzi\u0105 na potrzeby inwestor\u00f3w poszukuj\u0105cych odwa\u017cnych rozwi\u0105za\u0144. Rozwi\u0105za\u0144, kt\u00f3re daleko odbiegaj\u0105 od tradycyjnego projektowania.<\/p>\n<p><img loading=\"lazy\" decoding=\"async\" class=\"aligncenter wp-image-12267 size-large\" src=\"https:\/\/www.domywstylu.pl\/blog\/wp-content\/uploads\/2022\/03\/temida_w1-1024x768.jpg\" alt=\"Projekt domu Temida\" width=\"960\" height=\"720\" srcset=\"https:\/\/www.domywstylu.pl\/blog\/wp-content\/uploads\/2022\/03\/temida_w1.jpg 1024w, https:\/\/www.domywstylu.pl\/blog\/wp-content\/uploads\/2022\/03\/temida_w1-300x225.jpg 300w, https:\/\/www.domywstylu.pl\/blog\/wp-content\/uploads\/2022\/03\/temida_w1-768x576.jpg 768w\" sizes=\"auto, (max-width: 960px) 100vw, 960px\" \/><\/p>\n<p>Pierwsze co wyr\u00f3\u017cnia projekt Temida to jego bry\u0142a. Nowoczesna bry\u0142a podkre\u015blona jasn\u0105 elewacj\u0105, z idealnie dobranymi i dopracowanymi detalami architektonicznymi prezentuje si\u0119 niezwykle oryginalnie. Wn\u0119trze domu to przede wszystkim otwarta przestrze\u0144 otoczona panoramicznymi przeszkleniami, kt\u00f3re otwieraj\u0105 dom na ogr\u00f3d zapewniaj\u0105c przepi\u0119kne widoki.<\/p>\n<p><img loading=\"lazy\" decoding=\"async\" class=\"aligncenter wp-image-12272 size-large\" src=\"https:\/\/www.domywstylu.pl\/blog\/wp-content\/uploads\/2022\/03\/temida_w6-1024x768.jpg\" alt=\"Projekt domu Temida\" width=\"960\" height=\"720\" srcset=\"https:\/\/www.domywstylu.pl\/blog\/wp-content\/uploads\/2022\/03\/temida_w6.jpg 1024w, https:\/\/www.domywstylu.pl\/blog\/wp-content\/uploads\/2022\/03\/temida_w6-300x225.jpg 300w, https:\/\/www.domywstylu.pl\/blog\/wp-content\/uploads\/2022\/03\/temida_w6-768x576.jpg 768w\" sizes=\"auto, (max-width: 960px) 100vw, 960px\" \/><\/p>\n<p>&nbsp;<\/p>\n<h2>Oryginalna forma budynku<strong><br \/>\n<\/strong><\/h2>\n<p>Parter\u00f3wka Temida zosta\u0142a zaliczona do kategorii projekt\u00f3w dom\u00f3w parterowych. Na prawie 340 m2 powierzchni zabudowy powi\u0105zano ze sob\u0105 r\u00f3\u017cne bry\u0142y geometryczne, tworz\u0105c niezwykle funkcjonaln\u0105 przestrze\u0144.<\/p>\n<p><img loading=\"lazy\" decoding=\"async\" class=\"aligncenter wp-image-12270 size-large\" src=\"https:\/\/www.domywstylu.pl\/blog\/wp-content\/uploads\/2022\/03\/temida_w4-1024x768.jpg\" alt=\"Projekt domu Temida\" width=\"960\" height=\"720\" srcset=\"https:\/\/www.domywstylu.pl\/blog\/wp-content\/uploads\/2022\/03\/temida_w4.jpg 1024w, https:\/\/www.domywstylu.pl\/blog\/wp-content\/uploads\/2022\/03\/temida_w4-300x225.jpg 300w, https:\/\/www.domywstylu.pl\/blog\/wp-content\/uploads\/2022\/03\/temida_w4-768x576.jpg 768w\" sizes=\"auto, (max-width: 960px) 100vw, 960px\" \/><\/p>\n<p>Z ca\u0142\u0105 pewno\u015bci\u0105 projekt Temida nie nale\u017cy do dom\u00f3w ma\u0142ych. Powierzchnia u\u017cytkowa domu to prawie 230 m2. W domu pojawi\u0142 si\u0119 dach dwuspadowy, kt\u00f3ry przykrywaj\u0105c stref\u0119 dzienn\u0105 kryje wysoki sufit. Pozosta\u0142a cz\u0119\u015b\u0107 domu przykryta zosta\u0142a dachem p\u0142askim. Bia\u0142\u0105 elewacj\u0119 urozmaicono ceg\u0142\u0105 klinkierow\u0105 w ceglastym kolorze oraz drewnian\u0105 szal\u00f3wk\u0105. Ca\u0142o\u015b\u0107 okalaj\u0105 panoramiczne przeszklenia, kt\u00f3re w strefie dziennej zaprojektowano a\u017c pod wysoki sufit. Dzi\u0119ki zastosowaniu przesuwnych okiem mieszka\u0144cy mog\u0105 cieszy\u0107 si\u0119 urokami natury korzystaj\u0105c z rozleg\u0142ych taras\u00f3w.<\/p>\n<p><img loading=\"lazy\" decoding=\"async\" class=\"aligncenter wp-image-12268 size-large\" src=\"https:\/\/www.domywstylu.pl\/blog\/wp-content\/uploads\/2022\/03\/temida_w2-1024x768.jpg\" alt=\"Projekt domu Temida\" width=\"960\" height=\"720\" srcset=\"https:\/\/www.domywstylu.pl\/blog\/wp-content\/uploads\/2022\/03\/temida_w2.jpg 1024w, https:\/\/www.domywstylu.pl\/blog\/wp-content\/uploads\/2022\/03\/temida_w2-300x225.jpg 300w, https:\/\/www.domywstylu.pl\/blog\/wp-content\/uploads\/2022\/03\/temida_w2-768x576.jpg 768w\" sizes=\"auto, (max-width: 960px) 100vw, 960px\" \/><\/p>\n<p>&nbsp;<\/p>\n<h2>Funkcjonalna, otwarta cz\u0119\u015b\u0107 dzienna<\/h2>\n<p>Wn\u0119trze podzielono na dwie strefy u\u017cytkowe ulokowane po przeciwleg\u0142ych stronach domu. Strefa dzienna to otwarta przestrze\u0144, w kt\u00f3rej zaprojektowano wszystko, czego mo\u017ce potrzebowa\u0107 wsp\u00f3\u0142czesna rodzina. Pojawi\u0142 si\u0119 tu salon, jadalnia z miejscem na du\u017cy st\u00f3\u0142 oraz otwarta kuchnia. Autor projektu w salonie zaproponowa\u0142 wysoki sufit, kt\u00f3ry w po\u0142\u0105czeniu z wysok\u0105, przeszklon\u0105 \u015bcian\u0105 zapewnia niezwyk\u0142e widoki na otaczaj\u0105cy krajobraz.<\/p>\n<p><img loading=\"lazy\" decoding=\"async\" class=\"aligncenter wp-image-12274 size-large\" src=\"https:\/\/www.domywstylu.pl\/blog\/wp-content\/uploads\/2022\/03\/temida_w8-1024x768.jpg\" alt=\"Projekt domu Temida\" width=\"960\" height=\"720\" srcset=\"https:\/\/www.domywstylu.pl\/blog\/wp-content\/uploads\/2022\/03\/temida_w8.jpg 1024w, https:\/\/www.domywstylu.pl\/blog\/wp-content\/uploads\/2022\/03\/temida_w8-300x225.jpg 300w, https:\/\/www.domywstylu.pl\/blog\/wp-content\/uploads\/2022\/03\/temida_w8-768x576.jpg 768w\" sizes=\"auto, (max-width: 960px) 100vw, 960px\" \/><\/p>\n<p>Przy kuchni zaprojektowano praktyczn\u0105 spi\u017carni\u0119, kt\u00f3ra na pewno zostanie doceniona przez pani\u0105 domu. Spi\u017carnia jest na tyle du\u017ca, \u017ce bez problemu mo\u017cna j\u0105 r\u00f3wnie\u017c wykorzysta\u0107 jako pomieszczenie techniczne. W centralnym punkcie kuchni pojawi\u0142a si\u0119 wyspa kuchenna, na kt\u00f3rej umieszczono p\u0142yt\u0119 do gotowania oraz du\u017cy blat roboczy. W kuchni mieszka\u0144cy maj\u0105 do dyspozycji r\u00f3wnie\u017c barek \u015bniadaniowy. Niew\u0105tpliw\u0105 zalet\u0105 projektu b\u0119dzie r\u00f3wnie\u017c rozleg\u0142y, zadaszony taras, kt\u00f3ry umo\u017cliwi sp\u0119dzanie czasu na \u015bwie\u017cym powietrzu niezale\u017cnie od pogodny. Zadaszenie zapewni schronienie przed deszczem oraz ochroni przed nadmiernym s\u0142o\u0144cem w upalne dni.<\/p>\n<p><img loading=\"lazy\" decoding=\"async\" class=\"aligncenter wp-image-12278 size-large\" src=\"https:\/\/www.domywstylu.pl\/blog\/wp-content\/uploads\/2022\/03\/image_rzut-1016x1024.jpg\" alt=\"Uk\u0142ad funkcjonalny projektu domu Temida\" width=\"960\" height=\"968\" srcset=\"https:\/\/www.domywstylu.pl\/blog\/wp-content\/uploads\/2022\/03\/image_rzut-1016x1024.jpg 1016w, https:\/\/www.domywstylu.pl\/blog\/wp-content\/uploads\/2022\/03\/image_rzut-150x150.jpg 150w, https:\/\/www.domywstylu.pl\/blog\/wp-content\/uploads\/2022\/03\/image_rzut-298x300.jpg 298w, https:\/\/www.domywstylu.pl\/blog\/wp-content\/uploads\/2022\/03\/image_rzut-768x774.jpg 768w, https:\/\/www.domywstylu.pl\/blog\/wp-content\/uploads\/2022\/03\/image_rzut-75x75.jpg 75w, https:\/\/www.domywstylu.pl\/blog\/wp-content\/uploads\/2022\/03\/image_rzut.jpg 1072w\" sizes=\"auto, (max-width: 960px) 100vw, 960px\" \/><\/p>\n<p>&nbsp;<\/p>\n<h2>Strefa nocna \u2013 azyl domownik\u00f3w<\/h2>\n<p>Strefa nocna zosta\u0142a oddzielona od cz\u0119\u015bci dziennej dzi\u0119ki czemu domownicy b\u0119d\u0105 mieli du\u017co wi\u0119ksz\u0105 prywatno\u015b\u0107 oraz pe\u0142n\u0105 swobod\u0119 w jej u\u017cytkowaniu. Zaprojektowano tu apartament gospodarzy, kt\u00f3ry posiada prywatn\u0105 \u0142azienk\u0105 i garderob\u0119. W sypialni pojawi\u0142o si\u0119 te\u017c panoramiczne, naro\u017cne przeszklenie, kt\u00f3re stanowi wyj\u015bcie na prywatny taras.<\/p>\n<p><img loading=\"lazy\" decoding=\"async\" class=\"aligncenter wp-image-12269 size-large\" src=\"https:\/\/www.domywstylu.pl\/blog\/wp-content\/uploads\/2022\/03\/temida_w3-1024x768.jpg\" alt=\"Projekt domu Temida\" width=\"960\" height=\"720\" srcset=\"https:\/\/www.domywstylu.pl\/blog\/wp-content\/uploads\/2022\/03\/temida_w3.jpg 1024w, https:\/\/www.domywstylu.pl\/blog\/wp-content\/uploads\/2022\/03\/temida_w3-300x225.jpg 300w, https:\/\/www.domywstylu.pl\/blog\/wp-content\/uploads\/2022\/03\/temida_w3-768x576.jpg 768w\" sizes=\"auto, (max-width: 960px) 100vw, 960px\" \/><\/p>\n<p>Dzieci do dyspozycji maj\u0105 dwie wygodne sypialnie oraz wsp\u00f3ln\u0105 \u0142azienk\u0119 dost\u0119pn\u0105 z korytarza. Uzupe\u0142nieniem uk\u0142adu funkcjonalnego jest cz\u0119\u015b\u0107 gospodarcza. Sk\u0142adaj\u0105 si\u0119 na ni\u0105 garderoba ulokowana zaraz przy wej\u015bciu, praktyczna pralnia, du\u017ca kot\u0142ownia oraz dwustanowiskowy gara\u017c. Gara\u017c jest na tyle du\u017cy, \u017ce bez problemu pomie\u015bci r\u00f3wnie\u017c rowery albo skuter.<\/p>\n<p><img loading=\"lazy\" decoding=\"async\" class=\"aligncenter wp-image-12275 size-large\" src=\"https:\/\/www.domywstylu.pl\/blog\/wp-content\/uploads\/2022\/03\/temida_w9-1024x768.jpg\" alt=\"Projekt domu Temida\" width=\"960\" height=\"720\" srcset=\"https:\/\/www.domywstylu.pl\/blog\/wp-content\/uploads\/2022\/03\/temida_w9.jpg 1024w, https:\/\/www.domywstylu.pl\/blog\/wp-content\/uploads\/2022\/03\/temida_w9-300x225.jpg 300w, https:\/\/www.domywstylu.pl\/blog\/wp-content\/uploads\/2022\/03\/temida_w9-768x576.jpg 768w\" sizes=\"auto, (max-width: 960px) 100vw, 960px\" \/><\/p>\n<p>Szczeg\u00f3\u0142y projektu na stronie: Projekt domu <span style=\"text-decoration: underline; color: #0000ff;\"><a style=\"color: #0000ff; text-decoration: underline;\" href=\"https:\/\/www.domywstylu.pl\/projekt-domu-temida.php\">Temida<\/a><\/span><\/p>\n","protected":false},"excerpt":{"rendered":"<p>Temida to nowo\u015b\u0107 w ofercie\u00a0projekt\u00f3w dom\u00f3w parterowych, kt\u00f3ry cechuje si\u0119 oryginaln\u0105 stylistyk\u0105 oraz \u015bwietnie dopracowanym uk\u0142adem funkcjonalnym. Jest odpowiedzi\u0105 na potrzeby inwestor\u00f3w poszukuj\u0105cych odwa\u017cnych rozwi\u0105za\u0144. Rozwi\u0105za\u0144, kt\u00f3re daleko odbiegaj\u0105 od tradycyjnego projektowania. Pierwsze co wyr\u00f3\u017cnia projekt Temida to jego bry\u0142a. Nowoczesna bry\u0142a podkre\u015blona jasn\u0105 elewacj\u0105, z idealnie dobranymi i dopracowanymi detalami architektonicznymi prezentuje si\u0119 niezwykle oryginalnie. Wn\u0119trze domu to przede wszystkim otwarta przestrze\u0144 otoczona panoramicznymi przeszkleniami, kt\u00f3re otwieraj\u0105 dom na ogr\u00f3d zapewniaj\u0105c przepi\u0119kne widoki. &nbsp; Oryginalna forma budynku Parter\u00f3wka Temida zosta\u0142a zaliczona do kategorii projekt\u00f3w dom\u00f3w parterowych. Na prawie 340 m2 powierzchni zabudowy powi\u0105zano ze sob\u0105 r\u00f3\u017cne bry\u0142y geometryczne, tworz\u0105c niezwykle funkcjonaln\u0105 przestrze\u0144. Z ca\u0142\u0105 pewno\u015bci\u0105 projekt Temida nie nale\u017cy do dom\u00f3w ma\u0142ych. Powierzchnia u\u017cytkowa domu to prawie 230 m2. W domu pojawi\u0142 si\u0119 dach dwuspadowy, kt\u00f3ry przykrywaj\u0105c stref\u0119 dzienn\u0105 kryje wysoki sufit. Pozosta\u0142a cz\u0119\u015b\u0107 domu przykryta zosta\u0142a dachem p\u0142askim. Bia\u0142\u0105 elewacj\u0119 urozmaicono ceg\u0142\u0105 klinkierow\u0105 w ceglastym kolorze oraz drewnian\u0105 szal\u00f3wk\u0105. Ca\u0142o\u015b\u0107 okalaj\u0105 panoramiczne przeszklenia, kt\u00f3re w strefie dziennej zaprojektowano a\u017c pod wysoki sufit. Dzi\u0119ki zastosowaniu przesuwnych okiem mieszka\u0144cy mog\u0105 cieszy\u0107 si\u0119 urokami natury korzystaj\u0105c z rozleg\u0142ych taras\u00f3w. &nbsp; Funkcjonalna, otwarta cz\u0119\u015b\u0107 dzienna Wn\u0119trze podzielono na dwie strefy u\u017cytkowe ulokowane po przeciwleg\u0142ych stronach domu. Strefa dzienna to otwarta przestrze\u0144, w kt\u00f3rej zaprojektowano wszystko, czego mo\u017ce potrzebowa\u0107 wsp\u00f3\u0142czesna rodzina. Pojawi\u0142 si\u0119 tu salon, jadalnia z miejscem na du\u017cy st\u00f3\u0142 oraz otwarta kuchnia. Autor projektu w salonie zaproponowa\u0142 wysoki sufit, kt\u00f3ry w po\u0142\u0105czeniu z wysok\u0105, przeszklon\u0105 \u015bcian\u0105 zapewnia niezwyk\u0142e widoki na otaczaj\u0105cy krajobraz. Przy kuchni zaprojektowano praktyczn\u0105 spi\u017carni\u0119, kt\u00f3ra na pewno zostanie doceniona przez pani\u0105 domu. Spi\u017carnia jest na tyle du\u017ca, \u017ce bez problemu mo\u017cna j\u0105 r\u00f3wnie\u017c wykorzysta\u0107 jako pomieszczenie techniczne. W centralnym punkcie kuchni pojawi\u0142a si\u0119 wyspa kuchenna, na kt\u00f3rej umieszczono p\u0142yt\u0119 do gotowania oraz du\u017cy blat roboczy. W kuchni mieszka\u0144cy maj\u0105 do dyspozycji r\u00f3wnie\u017c barek \u015bniadaniowy. Niew\u0105tpliw\u0105 zalet\u0105 projektu b\u0119dzie r\u00f3wnie\u017c rozleg\u0142y, zadaszony taras, kt\u00f3ry umo\u017cliwi sp\u0119dzanie czasu na \u015bwie\u017cym powietrzu niezale\u017cnie od pogodny. Zadaszenie zapewni schronienie przed deszczem oraz ochroni przed nadmiernym s\u0142o\u0144cem w upalne dni. &nbsp; Strefa nocna \u2013 azyl domownik\u00f3w Strefa nocna zosta\u0142a oddzielona od cz\u0119\u015bci dziennej dzi\u0119ki czemu domownicy b\u0119d\u0105 mieli du\u017co wi\u0119ksz\u0105 prywatno\u015b\u0107 oraz pe\u0142n\u0105 swobod\u0119 w jej u\u017cytkowaniu. Zaprojektowano tu apartament gospodarzy, kt\u00f3ry posiada prywatn\u0105 \u0142azienk\u0105 i garderob\u0119. W sypialni pojawi\u0142o si\u0119 te\u017c panoramiczne, naro\u017cne przeszklenie, kt\u00f3re stanowi wyj\u015bcie na prywatny taras. Dzieci do dyspozycji maj\u0105 dwie wygodne sypialnie oraz wsp\u00f3ln\u0105 \u0142azienk\u0119 dost\u0119pn\u0105 z korytarza. Uzupe\u0142nieniem uk\u0142adu funkcjonalnego jest cz\u0119\u015b\u0107 gospodarcza. Sk\u0142adaj\u0105 si\u0119 na ni\u0105 garderoba ulokowana zaraz przy wej\u015bciu, praktyczna pralnia, du\u017ca kot\u0142ownia oraz dwustanowiskowy gara\u017c. Gara\u017c jest na tyle du\u017cy, \u017ce bez problemu pomie\u015bci r\u00f3wnie\u017c rowery albo skuter. Szczeg\u00f3\u0142y projektu na stronie: Projekt domu Temida<\/p>\n","protected":false},"author":1,"featured_media":12273,"comment_status":"open","ping_status":"open","sticky":false,"template":"","format":"standard","meta":{"footnotes":""},"categories":[4],"tags":[],"class_list":["post-12265","post","type-post","status-publish","format-standard","has-post-thumbnail","hentry","category-projekty-domow"],"_links":{"self":[{"href":"https:\/\/www.domywstylu.pl\/blog\/wp-json\/wp\/v2\/posts\/12265","targetHints":{"allow":["GET"]}}],"collection":[{"href":"https:\/\/www.domywstylu.pl\/blog\/wp-json\/wp\/v2\/posts"}],"about":[{"href":"https:\/\/www.domywstylu.pl\/blog\/wp-json\/wp\/v2\/types\/post"}],"author":[{"embeddable":true,"href":"https:\/\/www.domywstylu.pl\/blog\/wp-json\/wp\/v2\/users\/1"}],"replies":[{"embeddable":true,"href":"https:\/\/www.domywstylu.pl\/blog\/wp-json\/wp\/v2\/comments?post=12265"}],"version-history":[{"count":7,"href":"https:\/\/www.domywstylu.pl\/blog\/wp-json\/wp\/v2\/posts\/12265\/revisions"}],"predecessor-version":[{"id":12282,"href":"https:\/\/www.domywstylu.pl\/blog\/wp-json\/wp\/v2\/posts\/12265\/revisions\/12282"}],"wp:featuredmedia":[{"embeddable":true,"href":"https:\/\/www.domywstylu.pl\/blog\/wp-json\/wp\/v2\/media\/12273"}],"wp:attachment":[{"href":"https:\/\/www.domywstylu.pl\/blog\/wp-json\/wp\/v2\/media?parent=12265"}],"wp:term":[{"taxonomy":"category","embeddable":true,"href":"https:\/\/www.domywstylu.pl\/blog\/wp-json\/wp\/v2\/categories?post=12265"},{"taxonomy":"post_tag","embeddable":true,"href":"https:\/\/www.domywstylu.pl\/blog\/wp-json\/wp\/v2\/tags?post=12265"}],"curies":[{"name":"wp","href":"https:\/\/api.w.org\/{rel}","templated":true}]}}