{"id":12330,"date":"2022-03-21T13:04:25","date_gmt":"2022-03-21T12:04:25","guid":{"rendered":"https:\/\/www.domywstylu.pl\/blog\/?p=12330"},"modified":"2022-03-21T13:04:25","modified_gmt":"2022-03-21T12:04:25","slug":"nowosc-w-ofercie-projekt-domu-tetyda","status":"publish","type":"post","link":"https:\/\/www.domywstylu.pl\/blog\/2022\/03\/21\/nowosc-w-ofercie-projekt-domu-tetyda\/","title":{"rendered":"Nowo\u015b\u0107 w ofercie &#8211; projekt domu Tetyda"},"content":{"rendered":"<p>Tetyda to nowo\u015b\u0107 w projektach dom\u00f3w u\u017cytkowym poddaszem, kt\u00f3ry charakteryzuje si\u0119 prost\u0105, a zarazem oryginaln\u0105 form\u0105. Projekt idealnie \u0142\u0105czy w sobie nowoczesny design i przemy\u015blane w ka\u017cdym szczeg\u00f3le wn\u0119trze. Tetyda swoja form\u0105 nawi\u0105zuje do projekt\u00f3w w stylu nowoczesnej stodo\u0142y. Bryla zaprojektowana na rzucie prostok\u0105ta przykryta zosta\u0142a dwuspadowym dachem bez okap\u00f3w.<\/p>\n<p><img loading=\"lazy\" decoding=\"async\" class=\"aligncenter wp-image-12333 size-large\" src=\"https:\/\/www.domywstylu.pl\/blog\/wp-content\/uploads\/2022\/03\/tetyda_w3-1024x768.jpg\" alt=\"Projekt domu Tetyda\" width=\"960\" height=\"720\" srcset=\"https:\/\/www.domywstylu.pl\/blog\/wp-content\/uploads\/2022\/03\/tetyda_w3.jpg 1024w, https:\/\/www.domywstylu.pl\/blog\/wp-content\/uploads\/2022\/03\/tetyda_w3-300x225.jpg 300w, https:\/\/www.domywstylu.pl\/blog\/wp-content\/uploads\/2022\/03\/tetyda_w3-768x576.jpg 768w\" sizes=\"auto, (max-width: 960px) 100vw, 960px\" \/><\/p>\n<p>&nbsp;<\/p>\n<h2>Oryginalna bry\u0142a przemy\u015blana w ka\u017cdym\u00a0 szczeg\u00f3le<\/h2>\n<p>Projekt zosta\u0142 tak przemy\u015blany, \u017ce idealnie wpisze si\u0119 zar\u00f3wno na w\u0105sk\u0105, jak i p\u0142ytk\u0105 dzia\u0142k\u0119. Gabaryty oraz forma budynku umo\u017cliwiaj\u0105 usytuowanie budynku na dzia\u0142ce poni\u017cej 16 metr\u00f3w. Wymiary budynku to 8,25 m\u00a0 na 15,05 m.<\/p>\n<p><img loading=\"lazy\" decoding=\"async\" class=\"aligncenter wp-image-12332 size-large\" src=\"https:\/\/www.domywstylu.pl\/blog\/wp-content\/uploads\/2022\/03\/tetyda_w2-1024x768.jpg\" alt=\"Projekt domu Tetyda\" width=\"960\" height=\"720\" srcset=\"https:\/\/www.domywstylu.pl\/blog\/wp-content\/uploads\/2022\/03\/tetyda_w2.jpg 1024w, https:\/\/www.domywstylu.pl\/blog\/wp-content\/uploads\/2022\/03\/tetyda_w2-300x225.jpg 300w, https:\/\/www.domywstylu.pl\/blog\/wp-content\/uploads\/2022\/03\/tetyda_w2-768x576.jpg 768w\" sizes=\"auto, (max-width: 960px) 100vw, 960px\" \/><\/p>\n<p>Projekt z ca\u0142\u0105 pewno\u015bci\u0105 wyr\u00f3\u017cnia si\u0119 stylistyk\u0105 wyko\u0144czenia. Na elewacji pojawi\u0142y si\u0119 wielkoformatowe p\u0142yty elewacyjne w jasnym kolorze. Autor projektu zaproponowa\u0142 tu kolor bia\u0142y, kt\u00f3ry sprytnie po\u0142\u0105czy\u0142 z kilkoma p\u0142ytami w kolorze \u017c\u00f3\u0142tym.<\/p>\n<p><img loading=\"lazy\" decoding=\"async\" class=\"aligncenter wp-image-12335 size-large\" src=\"https:\/\/www.domywstylu.pl\/blog\/wp-content\/uploads\/2022\/03\/tetyda_w5-1024x768.jpg\" alt=\"Projekt domu Tetyda\" width=\"960\" height=\"720\" srcset=\"https:\/\/www.domywstylu.pl\/blog\/wp-content\/uploads\/2022\/03\/tetyda_w5.jpg 1024w, https:\/\/www.domywstylu.pl\/blog\/wp-content\/uploads\/2022\/03\/tetyda_w5-300x225.jpg 300w, https:\/\/www.domywstylu.pl\/blog\/wp-content\/uploads\/2022\/03\/tetyda_w5-768x576.jpg 768w\" sizes=\"auto, (max-width: 960px) 100vw, 960px\" \/><\/p>\n<p>Od strony elewacji frontowej oraz z boku budynku pojawi\u0142o si\u0119 oryginalne zadaszenie. Stanowi ono os\u0142on\u0119 przed opadami zar\u00f3wno dla wej\u015bcia g\u0142\u00f3wnego jak r\u00f3wnie\u017c podjazdu do gara\u017cu. Ten ciekawy element architektoniczny jest r\u00f3wnie\u017c cz\u0119\u015bci\u0105 trasu dost\u0119pnego z sypialni.<\/p>\n<p><img loading=\"lazy\" decoding=\"async\" class=\"aligncenter wp-image-12334 size-large\" src=\"https:\/\/www.domywstylu.pl\/blog\/wp-content\/uploads\/2022\/03\/tetyda_w4-1024x768.jpg\" alt=\"Projekt domu Tetyda\" width=\"960\" height=\"720\" srcset=\"https:\/\/www.domywstylu.pl\/blog\/wp-content\/uploads\/2022\/03\/tetyda_w4.jpg 1024w, https:\/\/www.domywstylu.pl\/blog\/wp-content\/uploads\/2022\/03\/tetyda_w4-300x225.jpg 300w, https:\/\/www.domywstylu.pl\/blog\/wp-content\/uploads\/2022\/03\/tetyda_w4-768x576.jpg 768w\" sizes=\"auto, (max-width: 960px) 100vw, 960px\" \/><\/p>\n<p>&nbsp;<\/p>\n<h2>Funkcjonalny uk\u0142ad wn\u0119trz<\/h2>\n<p>Parter to otwarta przestrze\u0144 dzienna. Zaprojektowano tu salon z miejscem na wygodn\u0105 kanap\u0119 i stolik kawowy, jadalni\u0119 z panoramicznymi przeszkleniami oraz otwart\u0105 kuchni\u0119. Przesuwne przeszklenia nie tylko wprowadzaj\u0105 du\u017c\u0105 ilo\u015b\u0107 naturalnego \u015bwiat\u0142a, ale r\u00f3wnie\u017c podnosz\u0105 walory estetyczne budynku. W kuchni zaprojektowano wysp\u0119 kuchenn\u0105 z p\u0142yta. Umiejscowiono tam p\u0142yt\u0119 do gotowania oraz niewielki barek z krzes\u0142ami.<\/p>\n<p>Du\u017ce, przesuwne drzwi prowadz\u0105 na zadaszony drewnian\u0105 pergol\u0105 taras. Taras sta\u0142 si\u0119 niejako przed\u0142u\u017ceniem salonu, na kt\u00f3rym z ca\u0142\u0105 pewno\u015bci\u0105 wszyscy mieszka\u0144cy b\u0119d\u0105 wypoczywa\u0107 korzystaj\u0105 z urok\u00f3w natury i \u015bwie\u017cego powietrza.<\/p>\n<p><img loading=\"lazy\" decoding=\"async\" class=\"aligncenter wp-image-12338\" src=\"https:\/\/www.domywstylu.pl\/blog\/wp-content\/uploads\/2022\/03\/image_rzut-2-454x1024.jpg\" alt=\"Uk\u0142ad parteru projektu domu Tetyda\" width=\"400\" height=\"902\" srcset=\"https:\/\/www.domywstylu.pl\/blog\/wp-content\/uploads\/2022\/03\/image_rzut-2-454x1024.jpg 454w, https:\/\/www.domywstylu.pl\/blog\/wp-content\/uploads\/2022\/03\/image_rzut-2-133x300.jpg 133w, https:\/\/www.domywstylu.pl\/blog\/wp-content\/uploads\/2022\/03\/image_rzut-2.jpg 479w\" sizes=\"auto, (max-width: 400px) 100vw, 400px\" \/><\/p>\n<p>&nbsp;<\/p>\n<p><strong>Wydzielona strefa nocna i gospodarcza<\/strong><strong><br \/>\n<\/strong>Strefa prywatna tradycyjnie znalaz\u0142a si\u0119 na poddaszu. Takie rozdzielenie stref u\u017cytkowych na poszczeg\u00f3lnych kondygnacja gwarantuje komfortowe warunki do wypoczynku. Zaprojektowano tu cztery wygodne sypialnie, z kt\u00f3rych a\u017c trzy posiada prywatn\u0105 garderob\u0119. Czwarta, najwi\u0119ksza sypialnia posiada miejsce na pojemn\u0105 szaf\u0119. Uk\u0142ad funkcjonalny poddasza uzupe\u0142nia rodzinna \u0142azienka.<\/p>\n<p><img loading=\"lazy\" decoding=\"async\" class=\"aligncenter wp-image-12337\" src=\"https:\/\/www.domywstylu.pl\/blog\/wp-content\/uploads\/2022\/03\/image_rzut-1.jpg\" alt=\"Uk\u0142ad poddasza projektu domu Tetyda\" width=\"400\" height=\"800\" srcset=\"https:\/\/www.domywstylu.pl\/blog\/wp-content\/uploads\/2022\/03\/image_rzut-1.jpg 438w, https:\/\/www.domywstylu.pl\/blog\/wp-content\/uploads\/2022\/03\/image_rzut-1-150x300.jpg 150w\" sizes=\"auto, (max-width: 400px) 100vw, 400px\" \/><\/p>\n<p>Szczeg\u00f3\u0142y projektu na stronie: <span style=\"text-decoration: underline; color: #0000ff;\"><a style=\"color: #0000ff; text-decoration: underline;\" href=\"https:\/\/www.domywstylu.pl\/projekt-domu-tetyda.php\">Projekt domu Tetyda<\/a><\/span><\/p>\n","protected":false},"excerpt":{"rendered":"<p>Tetyda to nowo\u015b\u0107 w projektach dom\u00f3w u\u017cytkowym poddaszem, kt\u00f3ry charakteryzuje si\u0119 prost\u0105, a zarazem oryginaln\u0105 form\u0105. Projekt idealnie \u0142\u0105czy w sobie nowoczesny design i przemy\u015blane w ka\u017cdym szczeg\u00f3le wn\u0119trze. Tetyda swoja form\u0105 nawi\u0105zuje do projekt\u00f3w w stylu nowoczesnej stodo\u0142y. Bryla zaprojektowana na rzucie prostok\u0105ta przykryta zosta\u0142a dwuspadowym dachem bez okap\u00f3w. &nbsp; Oryginalna bry\u0142a przemy\u015blana w ka\u017cdym\u00a0 szczeg\u00f3le Projekt zosta\u0142 tak przemy\u015blany, \u017ce idealnie wpisze si\u0119 zar\u00f3wno na w\u0105sk\u0105, jak i p\u0142ytk\u0105 dzia\u0142k\u0119. Gabaryty oraz forma budynku umo\u017cliwiaj\u0105 usytuowanie budynku na dzia\u0142ce poni\u017cej 16 metr\u00f3w. Wymiary budynku to 8,25 m\u00a0 na 15,05 m. Projekt z ca\u0142\u0105 pewno\u015bci\u0105 wyr\u00f3\u017cnia si\u0119 stylistyk\u0105 wyko\u0144czenia. Na elewacji pojawi\u0142y si\u0119 wielkoformatowe p\u0142yty elewacyjne w jasnym kolorze. Autor projektu zaproponowa\u0142 tu kolor bia\u0142y, kt\u00f3ry sprytnie po\u0142\u0105czy\u0142 z kilkoma p\u0142ytami w kolorze \u017c\u00f3\u0142tym. Od strony elewacji frontowej oraz z boku budynku pojawi\u0142o si\u0119 oryginalne zadaszenie. Stanowi ono os\u0142on\u0119 przed opadami zar\u00f3wno dla wej\u015bcia g\u0142\u00f3wnego jak r\u00f3wnie\u017c podjazdu do gara\u017cu. Ten ciekawy element architektoniczny jest r\u00f3wnie\u017c cz\u0119\u015bci\u0105 trasu dost\u0119pnego z sypialni. &nbsp; Funkcjonalny uk\u0142ad wn\u0119trz Parter to otwarta przestrze\u0144 dzienna. Zaprojektowano tu salon z miejscem na wygodn\u0105 kanap\u0119 i stolik kawowy, jadalni\u0119 z panoramicznymi przeszkleniami oraz otwart\u0105 kuchni\u0119. Przesuwne przeszklenia nie tylko wprowadzaj\u0105 du\u017c\u0105 ilo\u015b\u0107 naturalnego \u015bwiat\u0142a, ale r\u00f3wnie\u017c podnosz\u0105 walory estetyczne budynku. W kuchni zaprojektowano wysp\u0119 kuchenn\u0105 z p\u0142yta. Umiejscowiono tam p\u0142yt\u0119 do gotowania oraz niewielki barek z krzes\u0142ami. Du\u017ce, przesuwne drzwi prowadz\u0105 na zadaszony drewnian\u0105 pergol\u0105 taras. Taras sta\u0142 si\u0119 niejako przed\u0142u\u017ceniem salonu, na kt\u00f3rym z ca\u0142\u0105 pewno\u015bci\u0105 wszyscy mieszka\u0144cy b\u0119d\u0105 wypoczywa\u0107 korzystaj\u0105 z urok\u00f3w natury i \u015bwie\u017cego powietrza. &nbsp; Wydzielona strefa nocna i gospodarcza Strefa prywatna tradycyjnie znalaz\u0142a si\u0119 na poddaszu. Takie rozdzielenie stref u\u017cytkowych na poszczeg\u00f3lnych kondygnacja gwarantuje komfortowe warunki do wypoczynku. Zaprojektowano tu cztery wygodne sypialnie, z kt\u00f3rych a\u017c trzy posiada prywatn\u0105 garderob\u0119. Czwarta, najwi\u0119ksza sypialnia posiada miejsce na pojemn\u0105 szaf\u0119. Uk\u0142ad funkcjonalny poddasza uzupe\u0142nia rodzinna \u0142azienka. Szczeg\u00f3\u0142y projektu na stronie: Projekt domu Tetyda<\/p>\n","protected":false},"author":1,"featured_media":12331,"comment_status":"open","ping_status":"open","sticky":false,"template":"","format":"standard","meta":{"footnotes":""},"categories":[4],"tags":[],"class_list":["post-12330","post","type-post","status-publish","format-standard","has-post-thumbnail","hentry","category-projekty-domow"],"_links":{"self":[{"href":"https:\/\/www.domywstylu.pl\/blog\/wp-json\/wp\/v2\/posts\/12330","targetHints":{"allow":["GET"]}}],"collection":[{"href":"https:\/\/www.domywstylu.pl\/blog\/wp-json\/wp\/v2\/posts"}],"about":[{"href":"https:\/\/www.domywstylu.pl\/blog\/wp-json\/wp\/v2\/types\/post"}],"author":[{"embeddable":true,"href":"https:\/\/www.domywstylu.pl\/blog\/wp-json\/wp\/v2\/users\/1"}],"replies":[{"embeddable":true,"href":"https:\/\/www.domywstylu.pl\/blog\/wp-json\/wp\/v2\/comments?post=12330"}],"version-history":[{"count":5,"href":"https:\/\/www.domywstylu.pl\/blog\/wp-json\/wp\/v2\/posts\/12330\/revisions"}],"predecessor-version":[{"id":12342,"href":"https:\/\/www.domywstylu.pl\/blog\/wp-json\/wp\/v2\/posts\/12330\/revisions\/12342"}],"wp:featuredmedia":[{"embeddable":true,"href":"https:\/\/www.domywstylu.pl\/blog\/wp-json\/wp\/v2\/media\/12331"}],"wp:attachment":[{"href":"https:\/\/www.domywstylu.pl\/blog\/wp-json\/wp\/v2\/media?parent=12330"}],"wp:term":[{"taxonomy":"category","embeddable":true,"href":"https:\/\/www.domywstylu.pl\/blog\/wp-json\/wp\/v2\/categories?post=12330"},{"taxonomy":"post_tag","embeddable":true,"href":"https:\/\/www.domywstylu.pl\/blog\/wp-json\/wp\/v2\/tags?post=12330"}],"curies":[{"name":"wp","href":"https:\/\/api.w.org\/{rel}","templated":true}]}}