{"id":12508,"date":"2022-05-11T15:18:28","date_gmt":"2022-05-11T13:18:28","guid":{"rendered":"https:\/\/www.domywstylu.pl\/blog\/?p=12508"},"modified":"2022-05-12T10:37:38","modified_gmt":"2022-05-12T08:37:38","slug":"12508","status":"publish","type":"post","link":"https:\/\/www.domywstylu.pl\/blog\/2022\/05\/11\/12508\/","title":{"rendered":"Nowo\u015b\u0107 w ofercie &#8211; Projekt domu Jemio\u0142a 7"},"content":{"rendered":"<p>Jemio\u0142a 7 to najnowszy projekt z tej niezwykle popularnej serii projekt\u00f3w w stylu nowoczesnej stodo\u0142y. To parter\u00f3wka bez gara\u017cu wyr\u00f3\u017cniaj\u0105ca si\u0119 nowoczesnym wyko\u0144czeniem i idealnie rozplanowanym uk\u0142adem wn\u0119trz. Jemio\u0142a 7 podobnie jak pozosta\u0142e projekty z tej serii posiada bry\u0142\u0119 zaprojektowan\u0105 na rzucie prostok\u0105ta przykryt\u0105 dwuspadowym dachem bez okap\u00f3w. Taka forma budynku gwarantuje du\u017c\u0105 szybsz\u0105 i \u0142atwiejsz\u0105 realizacj\u0119 w por\u00f3wnaniu z domami o skomplikowanej bryle.<\/p>\n<p><img loading=\"lazy\" decoding=\"async\" class=\"aligncenter wp-image-12510 size-large\" src=\"https:\/\/www.domywstylu.pl\/blog\/wp-content\/uploads\/2022\/05\/jemiola_7_w2-1024x768.jpg\" alt=\"Projekt domu Jemio\u0142a 7\" width=\"960\" height=\"720\" srcset=\"https:\/\/www.domywstylu.pl\/blog\/wp-content\/uploads\/2022\/05\/jemiola_7_w2.jpg 1024w, https:\/\/www.domywstylu.pl\/blog\/wp-content\/uploads\/2022\/05\/jemiola_7_w2-300x225.jpg 300w, https:\/\/www.domywstylu.pl\/blog\/wp-content\/uploads\/2022\/05\/jemiola_7_w2-768x576.jpg 768w\" sizes=\"auto, (max-width: 960px) 100vw, 960px\" \/><\/p>\n<h2>Nowoczesna stylistyka<\/h2>\n<p>Projekt przyci\u0105ga wzrok nie tylko oryginalnym wyko\u0144czeniem elewacji, na kt\u00f3rej pojawi\u0142o si\u0119 naturalne drewno, ale r\u00f3wnie\u017c licznymi przeszkleniami. Na elewacji zastosowano deski elewacyjne w dw\u00f3ch odcieniach, kt\u00f3re w po\u0142\u0105czeniu z minimalistycznym, bezokapowym dachem podkre\u015blaj\u0105 minimalistyczny charakter domu.\u00a0Do stworzenia ciemniejszej elewacji wykorzystano deski opalane ogniem. To technika Shou Sugi Ban wywodz\u0105ca si\u0119 z Japonii. Intensywno\u015b\u0107 czerni zale\u017cy od stopnia opalania. Technika ta dodatkowo uwidacznia struktur\u0119 drewna.<\/p>\n<p><img loading=\"lazy\" decoding=\"async\" class=\"aligncenter wp-image-12514 size-large\" src=\"https:\/\/www.domywstylu.pl\/blog\/wp-content\/uploads\/2022\/05\/jemiola_7_w6-1024x768.jpg\" alt=\"Projekt domu Jemio\u0142a 7\" width=\"960\" height=\"720\" srcset=\"https:\/\/www.domywstylu.pl\/blog\/wp-content\/uploads\/2022\/05\/jemiola_7_w6.jpg 1024w, https:\/\/www.domywstylu.pl\/blog\/wp-content\/uploads\/2022\/05\/jemiola_7_w6-300x225.jpg 300w, https:\/\/www.domywstylu.pl\/blog\/wp-content\/uploads\/2022\/05\/jemiola_7_w6-768x576.jpg 768w\" sizes=\"auto, (max-width: 960px) 100vw, 960px\" \/><\/p>\n<p>Wzd\u0142u\u017c tylnej elewacji pojawi\u0142 si\u0119 obszerny taras. Prowadz\u0105 na niego dwa niezale\u017cne wyj\u015bcia: z salonu oraz wyj\u015bcie z najwi\u0119kszej sypialni. Taras z ca\u0142\u0105 pewno\u015bci\u0105 b\u0119dzie idealnym miejscem na stworzenie przestrzeni do wypoczynku. Idealnie sprawdzi si\u0119 tu wygodna kanapa oraz kawowy stolik.<\/p>\n<h2><img loading=\"lazy\" decoding=\"async\" class=\"aligncenter wp-image-12511 size-large\" src=\"https:\/\/www.domywstylu.pl\/blog\/wp-content\/uploads\/2022\/05\/jemiola_7_w3-1024x768.jpg\" alt=\"Projekt domu Jemio\u0142a 7\" width=\"960\" height=\"720\" srcset=\"https:\/\/www.domywstylu.pl\/blog\/wp-content\/uploads\/2022\/05\/jemiola_7_w3.jpg 1024w, https:\/\/www.domywstylu.pl\/blog\/wp-content\/uploads\/2022\/05\/jemiola_7_w3-300x225.jpg 300w, https:\/\/www.domywstylu.pl\/blog\/wp-content\/uploads\/2022\/05\/jemiola_7_w3-768x576.jpg 768w\" sizes=\"auto, (max-width: 960px) 100vw, 960px\" \/><\/h2>\n<h2>Otwarta strefa dzienna<\/h2>\n<p>Uk\u0142ad funkcjonalny wn\u0119trza zosta\u0142 podzielony na stref\u0119 dzienn\u0105 i nocn\u0105. Cz\u0119\u015b\u0107 dzienna to otwarta przestrze\u0144, na kt\u00f3r\u0105 sk\u0142adaj\u0105 si\u0119 salon z kominkiem, otwarta kuchnia z wysp\u0105 oraz jadalnia z miejscem na du\u017cy st\u00f3\u0142. Szerokie przeszklenia w tej cz\u0119\u015bci domu idealnie do\u015bwietlaj\u0105 wn\u0119trze oraz stanowi\u0105 pi\u0119kny element dekoracyjny. Kuchnia w kszta\u0142cie litery L gwarantuje du\u017c\u0105 ilo\u015b\u0107 miejsca nie tylko do przechowywania, ale r\u00f3wnie\u017c posiada du\u017cy blat roboczy. Atutem kuchni jest wyspa z miejscem do przygotowywania oraz spo\u017cywania posi\u0142k\u00f3w.<\/p>\n<p><img loading=\"lazy\" decoding=\"async\" class=\"aligncenter wp-image-12519 size-large\" src=\"https:\/\/www.domywstylu.pl\/blog\/wp-content\/uploads\/2022\/05\/image_rzut-1024x885.jpg\" alt=\"Rzut parteru projektu domu Jemio\u0142a 7\" width=\"960\" height=\"830\" srcset=\"https:\/\/www.domywstylu.pl\/blog\/wp-content\/uploads\/2022\/05\/image_rzut-1024x885.jpg 1024w, https:\/\/www.domywstylu.pl\/blog\/wp-content\/uploads\/2022\/05\/image_rzut-300x259.jpg 300w, https:\/\/www.domywstylu.pl\/blog\/wp-content\/uploads\/2022\/05\/image_rzut-768x664.jpg 768w, https:\/\/www.domywstylu.pl\/blog\/wp-content\/uploads\/2022\/05\/image_rzut-1140x985.jpg 1140w, https:\/\/www.domywstylu.pl\/blog\/wp-content\/uploads\/2022\/05\/image_rzut.jpg 1250w\" sizes=\"auto, (max-width: 960px) 100vw, 960px\" \/><\/p>\n<p>W salonie wygospodarowano miejsce na wygodn\u0105 kanap\u0119. Kominek w salonie z ca\u0142\u0105 pewno\u015bci\u0105 umili czas w d\u0142ugie, jesienne wieczory. W cz\u0119\u015bci prywatnej domownik\u00f3w pojawi\u0142y si\u0119 trzy sypialnie oraz og\u00f3lnodost\u0119pna \u0142azienka. Sypialnia gospodarzy zasta\u0142a zaprojektowana jako apartament gospodarzy, a wi\u0119c posiada prywatn\u0105 garderob\u0119 i \u0142azienk\u0119. Uzupe\u0142nieniem uk\u0142adu funkcjonalnego jest pomieszczenie gospodarcze przy wej\u015bciu oraz kot\u0142ownia.<\/p>\n<p><img loading=\"lazy\" decoding=\"async\" class=\"aligncenter wp-image-12512 size-large\" src=\"https:\/\/www.domywstylu.pl\/blog\/wp-content\/uploads\/2022\/05\/jemiola_7_w4-1024x768.jpg\" alt=\"Projekt domu Jemio\u0142a 7\" width=\"960\" height=\"720\" srcset=\"https:\/\/www.domywstylu.pl\/blog\/wp-content\/uploads\/2022\/05\/jemiola_7_w4.jpg 1024w, https:\/\/www.domywstylu.pl\/blog\/wp-content\/uploads\/2022\/05\/jemiola_7_w4-300x225.jpg 300w, https:\/\/www.domywstylu.pl\/blog\/wp-content\/uploads\/2022\/05\/jemiola_7_w4-768x576.jpg 768w\" sizes=\"auto, (max-width: 960px) 100vw, 960px\" \/><\/p>\n<h2>Grupa buduj\u0105cych &#8211; Budujemy Jemio\u0142\u0119<\/h2>\n<p>Zach\u0119camy do do\u0142\u0105czenia do grupy\u00a0<span style=\"color: #0000ff;\"><a style=\"color: #0000ff;\" href=\"https:\/\/www.facebook.com\/groups\/2660542580881496\/\" target=\"_blank\" rel=\"nofollow\">Budujemy Jemio\u0142\u0119<\/a><\/span>, kt\u00f3r\u0105 za\u0142o\u017cyli\u015bmy na Facebooku. Grupa to idealne miejsce do wymiany do\u015bwiadcze\u0144, zamieszczania zdj\u0119\u0107 i film\u00f3w z realizacji oraz opinii o projekcie. Dzi\u0119ki grupie mo\u017cesz bez problemu nawi\u0105za\u0107 kontakt z osobami, kt\u00f3re buduj\u0105 dom wg projektu z serii Jemio\u0142a.<\/p>\n<p>Szczeg\u00f3\u0142y projektu na stronie: <span style=\"color: #0000ff;\"><a style=\"color: #0000ff;\" href=\"https:\/\/www.domywstylu.pl\/projekt-domu-jemiola_7.php\">Projekt domu Jemio\u0142a 7<\/a><\/span><\/p>\n","protected":false},"excerpt":{"rendered":"<p>Jemio\u0142a 7 to najnowszy projekt z tej niezwykle popularnej serii projekt\u00f3w w stylu nowoczesnej stodo\u0142y. To parter\u00f3wka bez gara\u017cu wyr\u00f3\u017cniaj\u0105ca si\u0119 nowoczesnym wyko\u0144czeniem i idealnie rozplanowanym uk\u0142adem wn\u0119trz. Jemio\u0142a 7 podobnie jak pozosta\u0142e projekty z tej serii posiada bry\u0142\u0119 zaprojektowan\u0105 na rzucie prostok\u0105ta przykryt\u0105 dwuspadowym dachem bez okap\u00f3w. Taka forma budynku gwarantuje du\u017c\u0105 szybsz\u0105 i \u0142atwiejsz\u0105 realizacj\u0119 w por\u00f3wnaniu z domami o skomplikowanej bryle. Nowoczesna stylistyka Projekt przyci\u0105ga wzrok nie tylko oryginalnym wyko\u0144czeniem elewacji, na kt\u00f3rej pojawi\u0142o si\u0119 naturalne drewno, ale r\u00f3wnie\u017c licznymi przeszkleniami. Na elewacji zastosowano deski elewacyjne w dw\u00f3ch odcieniach, kt\u00f3re w po\u0142\u0105czeniu z minimalistycznym, bezokapowym dachem podkre\u015blaj\u0105 minimalistyczny charakter domu.\u00a0Do stworzenia ciemniejszej elewacji wykorzystano deski opalane ogniem. To technika Shou Sugi Ban wywodz\u0105ca si\u0119 z Japonii. Intensywno\u015b\u0107 czerni zale\u017cy od stopnia opalania. Technika ta dodatkowo uwidacznia struktur\u0119 drewna. Wzd\u0142u\u017c tylnej elewacji pojawi\u0142 si\u0119 obszerny taras. Prowadz\u0105 na niego dwa niezale\u017cne wyj\u015bcia: z salonu oraz wyj\u015bcie z najwi\u0119kszej sypialni. Taras z ca\u0142\u0105 pewno\u015bci\u0105 b\u0119dzie idealnym miejscem na stworzenie przestrzeni do wypoczynku. Idealnie sprawdzi si\u0119 tu wygodna kanapa oraz kawowy stolik. Otwarta strefa dzienna Uk\u0142ad funkcjonalny wn\u0119trza zosta\u0142 podzielony na stref\u0119 dzienn\u0105 i nocn\u0105. Cz\u0119\u015b\u0107 dzienna to otwarta przestrze\u0144, na kt\u00f3r\u0105 sk\u0142adaj\u0105 si\u0119 salon z kominkiem, otwarta kuchnia z wysp\u0105 oraz jadalnia z miejscem na du\u017cy st\u00f3\u0142. Szerokie przeszklenia w tej cz\u0119\u015bci domu idealnie do\u015bwietlaj\u0105 wn\u0119trze oraz stanowi\u0105 pi\u0119kny element dekoracyjny. Kuchnia w kszta\u0142cie litery L gwarantuje du\u017c\u0105 ilo\u015b\u0107 miejsca nie tylko do przechowywania, ale r\u00f3wnie\u017c posiada du\u017cy blat roboczy. Atutem kuchni jest wyspa z miejscem do przygotowywania oraz spo\u017cywania posi\u0142k\u00f3w. W salonie wygospodarowano miejsce na wygodn\u0105 kanap\u0119. Kominek w salonie z ca\u0142\u0105 pewno\u015bci\u0105 umili czas w d\u0142ugie, jesienne wieczory. W cz\u0119\u015bci prywatnej domownik\u00f3w pojawi\u0142y si\u0119 trzy sypialnie oraz og\u00f3lnodost\u0119pna \u0142azienka. Sypialnia gospodarzy zasta\u0142a zaprojektowana jako apartament gospodarzy, a wi\u0119c posiada prywatn\u0105 garderob\u0119 i \u0142azienk\u0119. Uzupe\u0142nieniem uk\u0142adu funkcjonalnego jest pomieszczenie gospodarcze przy wej\u015bciu oraz kot\u0142ownia. Grupa buduj\u0105cych &#8211; Budujemy Jemio\u0142\u0119 Zach\u0119camy do do\u0142\u0105czenia do grupy\u00a0Budujemy Jemio\u0142\u0119, kt\u00f3r\u0105 za\u0142o\u017cyli\u015bmy na Facebooku. Grupa to idealne miejsce do wymiany do\u015bwiadcze\u0144, zamieszczania zdj\u0119\u0107 i film\u00f3w z realizacji oraz opinii o projekcie. Dzi\u0119ki grupie mo\u017cesz bez problemu nawi\u0105za\u0107 kontakt z osobami, kt\u00f3re buduj\u0105 dom wg projektu z serii Jemio\u0142a. Szczeg\u00f3\u0142y projektu na stronie: Projekt domu Jemio\u0142a 7<\/p>\n","protected":false},"author":1,"featured_media":12509,"comment_status":"open","ping_status":"open","sticky":false,"template":"","format":"standard","meta":{"footnotes":""},"categories":[4],"tags":[],"class_list":["post-12508","post","type-post","status-publish","format-standard","has-post-thumbnail","hentry","category-projekty-domow"],"_links":{"self":[{"href":"https:\/\/www.domywstylu.pl\/blog\/wp-json\/wp\/v2\/posts\/12508","targetHints":{"allow":["GET"]}}],"collection":[{"href":"https:\/\/www.domywstylu.pl\/blog\/wp-json\/wp\/v2\/posts"}],"about":[{"href":"https:\/\/www.domywstylu.pl\/blog\/wp-json\/wp\/v2\/types\/post"}],"author":[{"embeddable":true,"href":"https:\/\/www.domywstylu.pl\/blog\/wp-json\/wp\/v2\/users\/1"}],"replies":[{"embeddable":true,"href":"https:\/\/www.domywstylu.pl\/blog\/wp-json\/wp\/v2\/comments?post=12508"}],"version-history":[{"count":15,"href":"https:\/\/www.domywstylu.pl\/blog\/wp-json\/wp\/v2\/posts\/12508\/revisions"}],"predecessor-version":[{"id":12532,"href":"https:\/\/www.domywstylu.pl\/blog\/wp-json\/wp\/v2\/posts\/12508\/revisions\/12532"}],"wp:featuredmedia":[{"embeddable":true,"href":"https:\/\/www.domywstylu.pl\/blog\/wp-json\/wp\/v2\/media\/12509"}],"wp:attachment":[{"href":"https:\/\/www.domywstylu.pl\/blog\/wp-json\/wp\/v2\/media?parent=12508"}],"wp:term":[{"taxonomy":"category","embeddable":true,"href":"https:\/\/www.domywstylu.pl\/blog\/wp-json\/wp\/v2\/categories?post=12508"},{"taxonomy":"post_tag","embeddable":true,"href":"https:\/\/www.domywstylu.pl\/blog\/wp-json\/wp\/v2\/tags?post=12508"}],"curies":[{"name":"wp","href":"https:\/\/api.w.org\/{rel}","templated":true}]}}