{"id":12850,"date":"2022-07-14T11:59:52","date_gmt":"2022-07-14T09:59:52","guid":{"rendered":"https:\/\/www.domywstylu.pl\/blog\/?p=12850"},"modified":"2025-04-22T14:42:22","modified_gmt":"2025-04-22T12:42:22","slug":"idealny-projekt-domu-reportaz-z-realizacji-projektu-ariel","status":"publish","type":"post","link":"https:\/\/www.domywstylu.pl\/blog\/2022\/07\/14\/idealny-projekt-domu-reportaz-z-realizacji-projektu-ariel\/","title":{"rendered":"Idealny projekt domu &#8211; Reporta\u017c z realizacji projektu Ariel"},"content":{"rendered":"<p>Realizacj\u0119 pani Justyny i jej m\u0119\u017ca \u015bledzimy ju\u017c od kilku lat. Pokazywali\u015bmy wcze\u015bniej zdj\u0119cia z budowy oraz pierwsze zdj\u0119cia wn\u0119trz. Tym razem chcieliby\u015bmy pokaza\u0107 efekt ko\u0144cowy, kt\u00f3rym jest przepi\u0119kna realizacja domu wed\u0142ug projektu <a href=\"https:\/\/www.domywstylu.pl\/projekt-domu-ariel.php\" target=\"_blank\" rel=\"noopener\">ARIEL<\/a>. <em>\u201eProjekt domu Ariel jest idealnie dopasowany do naszych potrzeb.\u201d<\/em> Takimi s\u0142owami pani Justyna podsumowa\u0142a wyb\u00f3r projektu domu. Sprawd\u017a jakie cenne rady z budowy poda\u0142a nam pani Justyna oraz jak prezentuje si\u0119 jej idealny dom.<\/p>\n<p><img loading=\"lazy\" decoding=\"async\" class=\"aligncenter size-large wp-image-12852\" src=\"https:\/\/www.domywstylu.pl\/blog\/wp-content\/uploads\/2022\/07\/234502345_576515940020687_2616835560240366170_n-1024x768.jpg\" alt=\"Realizacja projektu Ariel\" width=\"960\" height=\"720\" srcset=\"https:\/\/www.domywstylu.pl\/blog\/wp-content\/uploads\/2022\/07\/234502345_576515940020687_2616835560240366170_n-1024x768.jpg 1024w, https:\/\/www.domywstylu.pl\/blog\/wp-content\/uploads\/2022\/07\/234502345_576515940020687_2616835560240366170_n-300x225.jpg 300w, https:\/\/www.domywstylu.pl\/blog\/wp-content\/uploads\/2022\/07\/234502345_576515940020687_2616835560240366170_n-768x576.jpg 768w, https:\/\/www.domywstylu.pl\/blog\/wp-content\/uploads\/2022\/07\/234502345_576515940020687_2616835560240366170_n.jpg 1080w\" sizes=\"auto, (max-width: 960px) 100vw, 960px\" \/><\/p>\n<h2><strong>Decyzja o wyborze projektu<\/strong><\/h2>\n<p>Ariel to wygodny i funkcjonalny parterowy projekt domu, kt\u00f3ry posiada optymaln\u0105 powierzchni\u0119 128 m\u00b2, dzi\u0119ki czemu nie wymaga roz\u0142o\u017cystej dzia\u0142ki. By\u0142o to jednym z\u00a0 kryteri\u00f3w, kt\u00f3rym kierowa\u0142a si\u0119 pani Justyna z m\u0119\u017cem przy wyborze projektu. Poszukiwali oni projektu domu, kt\u00f3ry posiada optymaln\u0105 szeroko\u015b\u0107, tak aby idealnie wpasowa\u0142 si\u0119 na ich dzia\u0142k\u0119. Obiektem poszukiwa\u0144 by\u0142 dom parterowy z gara\u017cem w bryle budynku, kt\u00f3rego powierzchnia u\u017cytkowa nie przekracza\u0142aby 130 m<sup>2<\/sup>. Idealnym wyborem okaza\u0142 si\u0119 projekt Ariel. O tym, i\u017c projekt Ariel by\u0142 dobrym wyborem \u015bwiadczy mi\u0119dzy innymi fakt, i\u017c dom zosta\u0142 wybudowany zgodnie z projektem. Jedyn\u0105 zmian\u0105 by\u0142a zamiana \u0142azienki w sypialni g\u0142\u00f3wnej na pralni\u0119. Poza tym ca\u0142a budowa domu odby\u0142a si\u0119 zgodnie z projektem.<\/p>\n<p><strong><img loading=\"lazy\" decoding=\"async\" class=\"aligncenter size-large wp-image-12853\" src=\"https:\/\/www.domywstylu.pl\/blog\/wp-content\/uploads\/2022\/07\/293038281_458374372767474_1255735547268967650_n-1024x683.jpg\" alt=\"Realizacja projektu Ariel\" width=\"960\" height=\"640\" srcset=\"https:\/\/www.domywstylu.pl\/blog\/wp-content\/uploads\/2022\/07\/293038281_458374372767474_1255735547268967650_n-1024x683.jpg 1024w, https:\/\/www.domywstylu.pl\/blog\/wp-content\/uploads\/2022\/07\/293038281_458374372767474_1255735547268967650_n-300x200.jpg 300w, https:\/\/www.domywstylu.pl\/blog\/wp-content\/uploads\/2022\/07\/293038281_458374372767474_1255735547268967650_n-768x512.jpg 768w, https:\/\/www.domywstylu.pl\/blog\/wp-content\/uploads\/2022\/07\/293038281_458374372767474_1255735547268967650_n.jpg 1080w\" sizes=\"auto, (max-width: 960px) 100vw, 960px\" \/><\/strong><\/p>\n<h2><strong>Projekt domu Ariel<\/strong><\/h2>\n<p>Projekt posiada prost\u0105 bry\u0142\u0119, bez zb\u0119dnych element\u00f3w dekoracyjnych, kt\u00f3ra zosta\u0142a przykryta wielospadowym dachem. W bryle znajduje si\u0119 dwustanowiskowy gara\u017c, kt\u00f3ry tworzy praktyczny podcie\u0144 na elewacji frontowej. Atutem projektu jest rozleg\u0142y taras okalaj\u0105cy budynek z dw\u00f3ch stron. Jest on cz\u0119\u015bciowo zadaszony, dzi\u0119ki czemu umo\u017cliwia relaks na \u015bwie\u017cym powietrzu niezale\u017cnie od warunk\u00f3w pogodowych.<\/p>\n<p><img loading=\"lazy\" decoding=\"async\" class=\"aligncenter size-large wp-image-12854\" src=\"https:\/\/www.domywstylu.pl\/blog\/wp-content\/uploads\/2022\/07\/240715451_448112949623397_6179465232896223603_n-819x1024.jpg\" alt=\"Realizacja projektu Ariel\" width=\"819\" height=\"1024\" srcset=\"https:\/\/www.domywstylu.pl\/blog\/wp-content\/uploads\/2022\/07\/240715451_448112949623397_6179465232896223603_n-819x1024.jpg 819w, https:\/\/www.domywstylu.pl\/blog\/wp-content\/uploads\/2022\/07\/240715451_448112949623397_6179465232896223603_n-240x300.jpg 240w, https:\/\/www.domywstylu.pl\/blog\/wp-content\/uploads\/2022\/07\/240715451_448112949623397_6179465232896223603_n-768x960.jpg 768w, https:\/\/www.domywstylu.pl\/blog\/wp-content\/uploads\/2022\/07\/240715451_448112949623397_6179465232896223603_n.jpg 1080w\" sizes=\"auto, (max-width: 819px) 100vw, 819px\" \/><\/p>\n<p>Uk\u0142ad funkcjonalny zosta\u0142 dostosowany do potrzeb 4-osobowej rodziny. Otwart\u0105 cz\u0119\u015b\u0107 dzienn\u0105 w projekcie tworzy salon po\u0142\u0105czony z jadalni\u0105 oraz kuchni\u0105. Jest to otwarta przestrze\u0144, kt\u00f3ra zapewnia optymaln\u0105 powierzchni\u0119 do wsp\u00f3lnego sp\u0119dzania czasu w gronie najbli\u017cszych. W salonie z powodzeniem zmie\u015bci si\u0119 wygodna naro\u017cna kanapa, kt\u00f3ra umo\u017cliwia relaks przy kominku.<\/p>\n<p><img loading=\"lazy\" decoding=\"async\" class=\"aligncenter size-large wp-image-12855\" src=\"https:\/\/www.domywstylu.pl\/blog\/wp-content\/uploads\/2022\/07\/167667831_2015031845315706_5951174889295979809_n-1024x768.jpg\" alt=\"Realizacja projektu Ariel\" width=\"960\" height=\"720\" srcset=\"https:\/\/www.domywstylu.pl\/blog\/wp-content\/uploads\/2022\/07\/167667831_2015031845315706_5951174889295979809_n-1024x768.jpg 1024w, https:\/\/www.domywstylu.pl\/blog\/wp-content\/uploads\/2022\/07\/167667831_2015031845315706_5951174889295979809_n-300x225.jpg 300w, https:\/\/www.domywstylu.pl\/blog\/wp-content\/uploads\/2022\/07\/167667831_2015031845315706_5951174889295979809_n-768x576.jpg 768w, https:\/\/www.domywstylu.pl\/blog\/wp-content\/uploads\/2022\/07\/167667831_2015031845315706_5951174889295979809_n.jpg 1080w\" sizes=\"auto, (max-width: 960px) 100vw, 960px\" \/><\/p>\n<p><img loading=\"lazy\" decoding=\"async\" class=\"aligncenter size-large wp-image-12856\" src=\"https:\/\/www.domywstylu.pl\/blog\/wp-content\/uploads\/2022\/07\/156988564_1305571013163313_1943919075467007696_n-1024x768.jpg\" alt=\"Realizacja projektu Ariel\" width=\"960\" height=\"720\" srcset=\"https:\/\/www.domywstylu.pl\/blog\/wp-content\/uploads\/2022\/07\/156988564_1305571013163313_1943919075467007696_n-1024x768.jpg 1024w, https:\/\/www.domywstylu.pl\/blog\/wp-content\/uploads\/2022\/07\/156988564_1305571013163313_1943919075467007696_n-300x225.jpg 300w, https:\/\/www.domywstylu.pl\/blog\/wp-content\/uploads\/2022\/07\/156988564_1305571013163313_1943919075467007696_n-768x576.jpg 768w, https:\/\/www.domywstylu.pl\/blog\/wp-content\/uploads\/2022\/07\/156988564_1305571013163313_1943919075467007696_n.jpg 1080w\" sizes=\"auto, (max-width: 960px) 100vw, 960px\" \/><\/p>\n<p>W trakcie rodzinnych spotka\u0144 idealnie sprawdzi si\u0119 po\u0142\u0105czenie jadalni oraz kuchni. W s\u0105siedztwie salonu znajduje si\u0119 miejsce na du\u017cy st\u00f3\u0142 jadalniany, kt\u00f3ry p\u0142ynnie przechodzi do funkcjonalnej kuchni z wysok\u0105 zabudow\u0105. Kuchnia pomie\u015bci d\u0142ugi blat roboczy, szafki wisz\u0105ce oraz praktyczn\u0105 zabudow\u0119, kt\u00f3r\u0105 pani Justyna wykorzysta\u0142a do ukrycia drzwi do spi\u017carni. Du\u017ca ilo\u015b\u0107 miejsca do przechowywania pozwala zaoszcz\u0119dzi\u0107 miejsce na blacie, tworz\u0105c nowoczesn\u0105 i funkcjonaln\u0105 przestrze\u0144 u\u017cytkow\u0105.<\/p>\n<p><img loading=\"lazy\" decoding=\"async\" class=\"aligncenter size-large wp-image-12857\" src=\"https:\/\/www.domywstylu.pl\/blog\/wp-content\/uploads\/2022\/07\/129758384_382094803000480_8213473245785679230_n-1024x768.jpg\" alt=\"Realizacja projektu Ariel\" width=\"960\" height=\"720\" srcset=\"https:\/\/www.domywstylu.pl\/blog\/wp-content\/uploads\/2022\/07\/129758384_382094803000480_8213473245785679230_n-1024x768.jpg 1024w, https:\/\/www.domywstylu.pl\/blog\/wp-content\/uploads\/2022\/07\/129758384_382094803000480_8213473245785679230_n-300x225.jpg 300w, https:\/\/www.domywstylu.pl\/blog\/wp-content\/uploads\/2022\/07\/129758384_382094803000480_8213473245785679230_n-768x576.jpg 768w, https:\/\/www.domywstylu.pl\/blog\/wp-content\/uploads\/2022\/07\/129758384_382094803000480_8213473245785679230_n.jpg 1080w\" sizes=\"auto, (max-width: 960px) 100vw, 960px\" \/><\/p>\n<p><img loading=\"lazy\" decoding=\"async\" class=\"aligncenter size-large wp-image-12858\" src=\"https:\/\/www.domywstylu.pl\/blog\/wp-content\/uploads\/2022\/07\/152128753_130657025622415_7435585424824238641_n-1024x768.jpg\" alt=\"Realizacja projektu Ariel\" width=\"960\" height=\"720\" srcset=\"https:\/\/www.domywstylu.pl\/blog\/wp-content\/uploads\/2022\/07\/152128753_130657025622415_7435585424824238641_n-1024x768.jpg 1024w, https:\/\/www.domywstylu.pl\/blog\/wp-content\/uploads\/2022\/07\/152128753_130657025622415_7435585424824238641_n-300x225.jpg 300w, https:\/\/www.domywstylu.pl\/blog\/wp-content\/uploads\/2022\/07\/152128753_130657025622415_7435585424824238641_n-768x576.jpg 768w, https:\/\/www.domywstylu.pl\/blog\/wp-content\/uploads\/2022\/07\/152128753_130657025622415_7435585424824238641_n.jpg 1080w\" sizes=\"auto, (max-width: 960px) 100vw, 960px\" \/><\/p>\n<p>Jednym z g\u0142\u00f3wnych atut\u00f3w otwartej przestrzeni dziennej s\u0105 liczne, wysokie przeszklenia. Jest to r\u00f3wnie\u017c jedna z zalet projektu, kt\u00f3ra uj\u0119\u0142a za serce pani\u0105 Justyn\u0119 przy wyborze projektu. \u201e<em>Za serce chwyci\u0142y mnie du\u017ce okna, kt\u00f3re pi\u0119knie prezentuj\u0105 si\u0119 zar\u00f3wno z zewn\u0105trz jak i wewn\u0105trz budynku. Kolejnym plusem jest otwarta kuchnia ze spi\u017carni\u0105, ma\u0142e \u0142azienki, sypialnia z garderob\u0105 oraz taras, na kt\u00f3ry mo\u017cna wyj\u015b\u0107 z dowolnego pomieszczenia.\u201d <\/em>Rozleg\u0142y taras okala budynek z dw\u00f3ch stron. Dost\u0119p na taras znajduje si\u0119 zar\u00f3wno z salonu, jadalni jak r\u00f3wnie\u017c z dw\u00f3ch sypialni. Pozwala to na stworzenie r\u00f3\u017cnych stref u\u017cytkowych na zewn\u0105trz domu.<\/p>\n<p><img loading=\"lazy\" decoding=\"async\" class=\"aligncenter size-large wp-image-12863\" src=\"https:\/\/www.domywstylu.pl\/blog\/wp-content\/uploads\/2022\/07\/166367333_346509583462540_3525277900059402897_n-1024x768.jpg\" alt=\"https:\/\/www.instagram.com\/p\/CeJytj9MbxZ\/\" width=\"960\" height=\"720\" srcset=\"https:\/\/www.domywstylu.pl\/blog\/wp-content\/uploads\/2022\/07\/166367333_346509583462540_3525277900059402897_n-1024x768.jpg 1024w, https:\/\/www.domywstylu.pl\/blog\/wp-content\/uploads\/2022\/07\/166367333_346509583462540_3525277900059402897_n-300x225.jpg 300w, https:\/\/www.domywstylu.pl\/blog\/wp-content\/uploads\/2022\/07\/166367333_346509583462540_3525277900059402897_n-768x576.jpg 768w, https:\/\/www.domywstylu.pl\/blog\/wp-content\/uploads\/2022\/07\/166367333_346509583462540_3525277900059402897_n.jpg 1080w\" sizes=\"auto, (max-width: 960px) 100vw, 960px\" \/><\/p>\n<p><img loading=\"lazy\" decoding=\"async\" class=\"aligncenter size-large wp-image-12862\" src=\"https:\/\/www.domywstylu.pl\/blog\/wp-content\/uploads\/2022\/07\/284344471_708486440384103_7217601320327671594_n-1024x768.jpg\" alt=\"Realizacja projeku Ariel\" width=\"960\" height=\"720\" srcset=\"https:\/\/www.domywstylu.pl\/blog\/wp-content\/uploads\/2022\/07\/284344471_708486440384103_7217601320327671594_n-1024x768.jpg 1024w, https:\/\/www.domywstylu.pl\/blog\/wp-content\/uploads\/2022\/07\/284344471_708486440384103_7217601320327671594_n-300x225.jpg 300w, https:\/\/www.domywstylu.pl\/blog\/wp-content\/uploads\/2022\/07\/284344471_708486440384103_7217601320327671594_n-768x576.jpg 768w, https:\/\/www.domywstylu.pl\/blog\/wp-content\/uploads\/2022\/07\/284344471_708486440384103_7217601320327671594_n.jpg 1080w\" sizes=\"auto, (max-width: 960px) 100vw, 960px\" \/><\/p>\n<p>Cz\u0119\u015b\u0107 nocna zosta\u0142a zaprojektowana w oddzielnej cz\u0119\u015bci domu. Jest to prywatna strefa domownik\u00f3w, na kt\u00f3r\u0105 sk\u0142adaj\u0105 si\u0119 trzy sypialnie, \u0142azienka g\u0142\u00f3wna oraz toaleta. G\u0142\u00f3wna sypiania gospodarzy ma dost\u0119p do prywatnej garderoby oraz \u0142azienki, kt\u00f3r\u0105 pani Justyna przekszta\u0142ci\u0142a w pralni\u0119. G\u0142\u00f3wna sypialnia stanowi oaz\u0119 spokoju, w kt\u00f3rej w\u0142a\u015bciciele mog\u0105 si\u0119 zaszy\u0107 i odpocz\u0105\u0107 po ci\u0119\u017ckim dniu. Pani Justyna zadba\u0142a r\u00f3wnie\u017c o k\u0105cik pi\u0119kno\u015bci z toaletk\u0105, kt\u00f3ry znalaz\u0142 swoje miejsce w sypialni.<\/p>\n<p><img loading=\"lazy\" decoding=\"async\" class=\"aligncenter size-full wp-image-12870\" src=\"https:\/\/www.domywstylu.pl\/blog\/wp-content\/uploads\/2022\/07\/ariel_r19.jpg\" alt=\"Realizacja porjektu Ariel\" width=\"800\" height=\"600\" srcset=\"https:\/\/www.domywstylu.pl\/blog\/wp-content\/uploads\/2022\/07\/ariel_r19.jpg 800w, https:\/\/www.domywstylu.pl\/blog\/wp-content\/uploads\/2022\/07\/ariel_r19-300x225.jpg 300w, https:\/\/www.domywstylu.pl\/blog\/wp-content\/uploads\/2022\/07\/ariel_r19-768x576.jpg 768w\" sizes=\"auto, (max-width: 800px) 100vw, 800px\" \/><\/p>\n<p><img loading=\"lazy\" decoding=\"async\" class=\"aligncenter size-full wp-image-12864\" src=\"https:\/\/www.domywstylu.pl\/blog\/wp-content\/uploads\/2022\/07\/ariel_r23.jpg\" alt=\"Realizacja projektu Ariel\" width=\"800\" height=\"600\" srcset=\"https:\/\/www.domywstylu.pl\/blog\/wp-content\/uploads\/2022\/07\/ariel_r23.jpg 800w, https:\/\/www.domywstylu.pl\/blog\/wp-content\/uploads\/2022\/07\/ariel_r23-300x225.jpg 300w, https:\/\/www.domywstylu.pl\/blog\/wp-content\/uploads\/2022\/07\/ariel_r23-768x576.jpg 768w\" sizes=\"auto, (max-width: 800px) 100vw, 800px\" \/><\/p>\n<p>Dwa mniejsze pokoje idealnie sprawdz\u0105 si\u0119 jako sypialnie dla dzieci. Podobnie jak w cz\u0119\u015bci dziennej sypialnie r\u00f3wnie\u017c posiadaj\u0105 du\u017ce okna, stanowi\u0105ce wyj\u015bcie na taras.<\/p>\n<h2><strong>Porady z budowy<\/strong><\/h2>\n<p>Zdaniem pani Justyny najwi\u0119ksz\u0105 przeszkod\u0105 w budowie domu by\u0142a niewiedza. Oboje z m\u0119\u017cem nie mieli do\u015bwiadczenia w budowie domu, dlatego te\u017c zdecydowali si\u0119 na budow\u0119 domu w systemie zleconym. Do ka\u017cdego etapu prac budowlanych oraz wyko\u0144czeniowych wynajmowali sprawdzone ekipy z polecenia. Pomimo tego, m\u0105\u017c Pani Justyna na bie\u017c\u0105co nadzorowa\u0142 post\u0119p prac, b\u0119d\u0105c codziennie na budowie. Budowa domu trwa\u0142a od marca 2017 roku do lipca 2019 roku.<\/p>\n<p><img loading=\"lazy\" decoding=\"async\" class=\"aligncenter size-large wp-image-12867\" src=\"https:\/\/www.domywstylu.pl\/blog\/wp-content\/uploads\/2022\/07\/286785471_133327495987639_3738140598878030319_n-1024x683.jpg\" alt=\"Realizacja projektu Ariel\" width=\"960\" height=\"640\" srcset=\"https:\/\/www.domywstylu.pl\/blog\/wp-content\/uploads\/2022\/07\/286785471_133327495987639_3738140598878030319_n-1024x683.jpg 1024w, https:\/\/www.domywstylu.pl\/blog\/wp-content\/uploads\/2022\/07\/286785471_133327495987639_3738140598878030319_n-300x200.jpg 300w, https:\/\/www.domywstylu.pl\/blog\/wp-content\/uploads\/2022\/07\/286785471_133327495987639_3738140598878030319_n-768x512.jpg 768w, https:\/\/www.domywstylu.pl\/blog\/wp-content\/uploads\/2022\/07\/286785471_133327495987639_3738140598878030319_n.jpg 1080w\" sizes=\"auto, (max-width: 960px) 100vw, 960px\" \/><\/p>\n<p>Oboje uwa\u017caj\u0105 r\u00f3wnie\u017c, \u017ce warto szuka\u0107 cenny porad u do\u015bwiadczonych buduj\u0105cych w Internecie. Dlatego te\u017c jeszcze przed rozpocz\u0119ciem prac budowlanych do\u0142\u0105czyli do grupy buduj\u0105cych, kt\u00f3r\u0105 za\u0142o\u017cyli\u015bmy na Facebook\u2019u \u2013 <a href=\"https:\/\/www.facebook.com\/groups\/371397126556931\/\" target=\"_blank\" rel=\"noopener nofollow\"><strong>Budujemy Ariele<\/strong><\/a>.<\/p>\n<h2><strong>Koszty budowy<\/strong><\/h2>\n<p>Budowa domu to ogromne koszty, kt\u00f3re niejednokrotnie wi\u0105\u017c\u0105 si\u0119 z kredytem hipotecznym. Zapytali\u015bmy pani\u0105 Justyn\u0119 czy uda\u0142o im si\u0119 zmie\u015bci\u0107 w planowanym bud\u017cecie. \u201e<em>Niestety nie zmie\u015bcili\u015bmy si\u0119 w zak\u0142adanym pocz\u0105tkowo bud\u017cecie. Du\u017co koszt\u00f3w pojawia si\u0119 dopiero podczas samej budowy. Nie da si\u0119 przewidzie\u0107 wszystkiego zw\u0142aszcza gdy buduje si\u0119 dom po raz pierwszy i nie posiada wiedzy jak si\u0119 za to zabra\u0107.\u201d<\/em> Dodatkowe koszty ponie\u015bli ju\u017c na starcie inwestycji, kiedy zdecydowali si\u0119 na wykonanie fundament\u00f3w \u201epo znajomo\u015bci\u201d. Efekt by\u0142 taki, i\u017c musieli zap\u0142aci\u0107 nowej ekipie za popraw\u0119 i doko\u0144czenie prac fundamentowych. Zamiast oszcz\u0119dno\u015bci ponie\u015bli dodatkowe koszty.<\/p>\n<p><img loading=\"lazy\" decoding=\"async\" class=\"aligncenter size-full wp-image-12866\" src=\"https:\/\/www.domywstylu.pl\/blog\/wp-content\/uploads\/2022\/07\/ariel_r09.jpg\" alt=\"Realizacja projektu Ariel\" width=\"800\" height=\"600\" srcset=\"https:\/\/www.domywstylu.pl\/blog\/wp-content\/uploads\/2022\/07\/ariel_r09.jpg 800w, https:\/\/www.domywstylu.pl\/blog\/wp-content\/uploads\/2022\/07\/ariel_r09-300x225.jpg 300w, https:\/\/www.domywstylu.pl\/blog\/wp-content\/uploads\/2022\/07\/ariel_r09-768x576.jpg 768w\" sizes=\"auto, (max-width: 800px) 100vw, 800px\" \/><\/p>\n<p>Przy wyka\u0144czaniu wn\u0119trza Pani Justyna poleca zakupy w sklepach internetowych, kt\u00f3re cz\u0119sto oferuj\u0105 szerszy asortyment w korzystniejszych cenach ni\u017c sklepy stacjonarne. W ich przypadku sprawdzi\u0142 si\u0119, r\u00f3wnie\u017c wyb\u00f3r dw\u00f3ch sta\u0142ych dostawc\u00f3w materia\u0142\u00f3w. Nawi\u0105zuj\u0105c sta\u0142\u0105 wsp\u00f3\u0142prac\u0119 uda\u0142o im si\u0119 negocjowa\u0107 dodatkowe rabaty.<\/p>\n<p><img loading=\"lazy\" decoding=\"async\" class=\"aligncenter size-large wp-image-12874\" src=\"https:\/\/www.domywstylu.pl\/blog\/wp-content\/uploads\/2022\/07\/278431586_312825890875537_1171233828444401027_n-819x1024.jpg\" alt=\"Realizacja projektu Ariel\" width=\"819\" height=\"1024\" srcset=\"https:\/\/www.domywstylu.pl\/blog\/wp-content\/uploads\/2022\/07\/278431586_312825890875537_1171233828444401027_n-819x1024.jpg 819w, https:\/\/www.domywstylu.pl\/blog\/wp-content\/uploads\/2022\/07\/278431586_312825890875537_1171233828444401027_n-240x300.jpg 240w, https:\/\/www.domywstylu.pl\/blog\/wp-content\/uploads\/2022\/07\/278431586_312825890875537_1171233828444401027_n-768x960.jpg 768w, https:\/\/www.domywstylu.pl\/blog\/wp-content\/uploads\/2022\/07\/278431586_312825890875537_1171233828444401027_n.jpg 1080w\" sizes=\"auto, (max-width: 819px) 100vw, 819px\" \/><\/p>\n<h2><strong>Nowoczesne wn\u0119trza<\/strong><\/h2>\n<p>Wyst\u00f3j wn\u0119trz by\u0142a dla pani Justyna tak samo wa\u017cny jak wygl\u0105d domu i jego otoczenie. Aby zadba\u0107 o sp\u00f3jn\u0105 ca\u0142o\u015b\u0107 skorzysta\u0142a ona z us\u0142ug architekta wn\u0119trz. Dzi\u0119ki temu mo\u017cemy podziwia\u0107 nowoczesne wn\u0119trza, w kt\u00f3rych brak jest zb\u0119dnych dekoracji. Ka\u017cdy detal i ozdoba, kt\u00f3ra pojawia si\u0119 we wn\u0119trzu jest dok\u0142adnie przemy\u015blana i dopasowana do ca\u0142o\u015bci aran\u017cacji. Jest to wn\u0119trze, kt\u00f3rym warto si\u0119 chwali\u0107. Pani Justyna z powodzeniem prowadzi profil na Instagramie @home_by_justyna, na kt\u00f3rym pokazuje zar\u00f3wno dom i jego zadbane otoczenie oraz ci\u0105gle dopieszczane wn\u0119trza domu. Na profilu poza zdj\u0119ciami pani Justyna ch\u0119tnie dzieli si\u0119 swoimi do\u015bwiadczeniami oraz odpowiada na pytania jej obserwuj\u0105cych. Zapraszamy do odwiedzenia profilu pan Justyny. Mo\u017ce Ariel b\u0119dzie r\u00f3wnie\u017c waszym idealnym projektem domu.<\/p>\n<p><img loading=\"lazy\" decoding=\"async\" class=\"aligncenter size-large wp-image-12871\" src=\"https:\/\/www.domywstylu.pl\/blog\/wp-content\/uploads\/2022\/07\/139268441_412891616492678_8346733490264985226_n-1024x768.jpg\" alt=\"Realizacja projektu Ariel\" width=\"960\" height=\"720\" srcset=\"https:\/\/www.domywstylu.pl\/blog\/wp-content\/uploads\/2022\/07\/139268441_412891616492678_8346733490264985226_n-1024x768.jpg 1024w, https:\/\/www.domywstylu.pl\/blog\/wp-content\/uploads\/2022\/07\/139268441_412891616492678_8346733490264985226_n-300x225.jpg 300w, https:\/\/www.domywstylu.pl\/blog\/wp-content\/uploads\/2022\/07\/139268441_412891616492678_8346733490264985226_n-768x576.jpg 768w, https:\/\/www.domywstylu.pl\/blog\/wp-content\/uploads\/2022\/07\/139268441_412891616492678_8346733490264985226_n.jpg 1080w\" sizes=\"auto, (max-width: 960px) 100vw, 960px\" \/><\/p>\n<p>&nbsp;<\/p>\n<p>Wszystkie zdj\u0119cia zosta\u0142y opublikowane dzi\u0119ki uprzejmo\u015bci pani Justyny <strong><a href=\"https:\/\/www.instagram.com\/home_by_justyna\/\" target=\"_blank\" rel=\"nofollow\">@home_by_justyna<\/a><\/strong>.<\/p>\n<p>Pe\u0142na prezentacja projektu <a href=\"https:\/\/www.domywstylu.pl\/projekt-domu-ariel.php\"><strong>ARIEL<\/strong><\/a> oraz wi\u0119cej zdj\u0119\u0107 z realizacji znajdziecie na stronie projektu.<\/p>\n","protected":false},"excerpt":{"rendered":"<p>Realizacj\u0119 pani Justyny i jej m\u0119\u017ca \u015bledzimy ju\u017c od kilku lat. Pokazywali\u015bmy wcze\u015bniej zdj\u0119cia z budowy oraz pierwsze zdj\u0119cia wn\u0119trz. Tym razem chcieliby\u015bmy pokaza\u0107 efekt ko\u0144cowy, kt\u00f3rym jest przepi\u0119kna realizacja domu wed\u0142ug projektu ARIEL. \u201eProjekt domu Ariel jest idealnie dopasowany do naszych potrzeb.\u201d Takimi s\u0142owami pani Justyna podsumowa\u0142a wyb\u00f3r projektu domu. Sprawd\u017a jakie cenne rady z budowy poda\u0142a nam pani Justyna oraz jak prezentuje si\u0119 jej idealny dom. Decyzja o wyborze projektu Ariel to wygodny i funkcjonalny parterowy projekt domu, kt\u00f3ry posiada optymaln\u0105 powierzchni\u0119 128 m\u00b2, dzi\u0119ki czemu nie wymaga roz\u0142o\u017cystej dzia\u0142ki. By\u0142o to jednym z\u00a0 kryteri\u00f3w, kt\u00f3rym kierowa\u0142a si\u0119 pani Justyna z m\u0119\u017cem przy wyborze projektu. Poszukiwali oni projektu domu, kt\u00f3ry posiada optymaln\u0105 szeroko\u015b\u0107, tak aby idealnie wpasowa\u0142 si\u0119 na ich dzia\u0142k\u0119. Obiektem poszukiwa\u0144 by\u0142 dom parterowy z gara\u017cem w bryle budynku, kt\u00f3rego powierzchnia u\u017cytkowa nie przekracza\u0142aby 130 m2. Idealnym wyborem okaza\u0142 si\u0119 projekt Ariel. O tym, i\u017c projekt Ariel by\u0142 dobrym wyborem \u015bwiadczy mi\u0119dzy innymi fakt, i\u017c dom zosta\u0142 wybudowany zgodnie z projektem. Jedyn\u0105 zmian\u0105 by\u0142a zamiana \u0142azienki w sypialni g\u0142\u00f3wnej na pralni\u0119. Poza tym ca\u0142a budowa domu odby\u0142a si\u0119 zgodnie z projektem. Projekt domu Ariel Projekt posiada prost\u0105 bry\u0142\u0119, bez zb\u0119dnych element\u00f3w dekoracyjnych, kt\u00f3ra zosta\u0142a przykryta wielospadowym dachem. W bryle znajduje si\u0119 dwustanowiskowy gara\u017c, kt\u00f3ry tworzy praktyczny podcie\u0144 na elewacji frontowej. Atutem projektu jest rozleg\u0142y taras okalaj\u0105cy budynek z dw\u00f3ch stron. Jest on cz\u0119\u015bciowo zadaszony, dzi\u0119ki czemu umo\u017cliwia relaks na \u015bwie\u017cym powietrzu niezale\u017cnie od warunk\u00f3w pogodowych. Uk\u0142ad funkcjonalny zosta\u0142 dostosowany do potrzeb 4-osobowej rodziny. Otwart\u0105 cz\u0119\u015b\u0107 dzienn\u0105 w projekcie tworzy salon po\u0142\u0105czony z jadalni\u0105 oraz kuchni\u0105. Jest to otwarta przestrze\u0144, kt\u00f3ra zapewnia optymaln\u0105 powierzchni\u0119 do wsp\u00f3lnego sp\u0119dzania czasu w gronie najbli\u017cszych. W salonie z powodzeniem zmie\u015bci si\u0119 wygodna naro\u017cna kanapa, kt\u00f3ra umo\u017cliwia relaks przy kominku. W trakcie rodzinnych spotka\u0144 idealnie sprawdzi si\u0119 po\u0142\u0105czenie jadalni oraz kuchni. W s\u0105siedztwie salonu znajduje si\u0119 miejsce na du\u017cy st\u00f3\u0142 jadalniany, kt\u00f3ry p\u0142ynnie przechodzi do funkcjonalnej kuchni z wysok\u0105 zabudow\u0105. Kuchnia pomie\u015bci d\u0142ugi blat roboczy, szafki wisz\u0105ce oraz praktyczn\u0105 zabudow\u0119, kt\u00f3r\u0105 pani Justyna wykorzysta\u0142a do ukrycia drzwi do spi\u017carni. Du\u017ca ilo\u015b\u0107 miejsca do przechowywania pozwala zaoszcz\u0119dzi\u0107 miejsce na blacie, tworz\u0105c nowoczesn\u0105 i funkcjonaln\u0105 przestrze\u0144 u\u017cytkow\u0105. Jednym z g\u0142\u00f3wnych atut\u00f3w otwartej przestrzeni dziennej s\u0105 liczne, wysokie przeszklenia. Jest to r\u00f3wnie\u017c jedna z zalet projektu, kt\u00f3ra uj\u0119\u0142a za serce pani\u0105 Justyn\u0119 przy wyborze projektu. \u201eZa serce chwyci\u0142y mnie du\u017ce okna, kt\u00f3re pi\u0119knie prezentuj\u0105 si\u0119 zar\u00f3wno z zewn\u0105trz jak i wewn\u0105trz budynku. Kolejnym plusem jest otwarta kuchnia ze spi\u017carni\u0105, ma\u0142e \u0142azienki, sypialnia z garderob\u0105 oraz taras, na kt\u00f3ry mo\u017cna wyj\u015b\u0107 z dowolnego pomieszczenia.\u201d Rozleg\u0142y taras okala budynek z dw\u00f3ch stron. Dost\u0119p na taras znajduje si\u0119 zar\u00f3wno z salonu, jadalni jak r\u00f3wnie\u017c z dw\u00f3ch sypialni. Pozwala to na stworzenie r\u00f3\u017cnych stref u\u017cytkowych na zewn\u0105trz domu. Cz\u0119\u015b\u0107 nocna zosta\u0142a zaprojektowana w oddzielnej cz\u0119\u015bci domu. Jest to prywatna strefa domownik\u00f3w, na kt\u00f3r\u0105 sk\u0142adaj\u0105 si\u0119 trzy sypialnie, \u0142azienka g\u0142\u00f3wna oraz toaleta. G\u0142\u00f3wna sypiania gospodarzy ma dost\u0119p do prywatnej garderoby oraz \u0142azienki, kt\u00f3r\u0105 pani Justyna przekszta\u0142ci\u0142a w pralni\u0119. G\u0142\u00f3wna sypialnia stanowi oaz\u0119 spokoju, w kt\u00f3rej w\u0142a\u015bciciele mog\u0105 si\u0119 zaszy\u0107 i odpocz\u0105\u0107 po ci\u0119\u017ckim dniu. Pani Justyna zadba\u0142a r\u00f3wnie\u017c o k\u0105cik pi\u0119kno\u015bci z toaletk\u0105, kt\u00f3ry znalaz\u0142 swoje miejsce w sypialni. Dwa mniejsze pokoje idealnie sprawdz\u0105 si\u0119 jako sypialnie dla dzieci. Podobnie jak w cz\u0119\u015bci dziennej sypialnie r\u00f3wnie\u017c posiadaj\u0105 du\u017ce okna, stanowi\u0105ce wyj\u015bcie na taras. Porady z budowy Zdaniem pani Justyny najwi\u0119ksz\u0105 przeszkod\u0105 w budowie domu by\u0142a niewiedza. Oboje z m\u0119\u017cem nie mieli do\u015bwiadczenia w budowie domu, dlatego te\u017c zdecydowali si\u0119 na budow\u0119 domu w systemie zleconym. Do ka\u017cdego etapu prac budowlanych oraz wyko\u0144czeniowych wynajmowali sprawdzone ekipy z polecenia. Pomimo tego, m\u0105\u017c Pani Justyna na bie\u017c\u0105co nadzorowa\u0142 post\u0119p prac, b\u0119d\u0105c codziennie na budowie. Budowa domu trwa\u0142a od marca 2017 roku do lipca 2019 roku. Oboje uwa\u017caj\u0105 r\u00f3wnie\u017c, \u017ce warto szuka\u0107 cenny porad u do\u015bwiadczonych buduj\u0105cych w Internecie. Dlatego te\u017c jeszcze przed rozpocz\u0119ciem prac budowlanych do\u0142\u0105czyli do grupy buduj\u0105cych, kt\u00f3r\u0105 za\u0142o\u017cyli\u015bmy na Facebook\u2019u \u2013 Budujemy Ariele. Koszty budowy Budowa domu to ogromne koszty, kt\u00f3re niejednokrotnie wi\u0105\u017c\u0105 si\u0119 z kredytem hipotecznym. Zapytali\u015bmy pani\u0105 Justyn\u0119 czy uda\u0142o im si\u0119 zmie\u015bci\u0107 w planowanym bud\u017cecie. \u201eNiestety nie zmie\u015bcili\u015bmy si\u0119 w zak\u0142adanym pocz\u0105tkowo bud\u017cecie. Du\u017co koszt\u00f3w pojawia si\u0119 dopiero podczas samej budowy. Nie da si\u0119 przewidzie\u0107 wszystkiego zw\u0142aszcza gdy buduje si\u0119 dom po raz pierwszy i nie posiada wiedzy jak si\u0119 za to zabra\u0107.\u201d Dodatkowe koszty ponie\u015bli ju\u017c na starcie inwestycji, kiedy zdecydowali si\u0119 na wykonanie fundament\u00f3w \u201epo znajomo\u015bci\u201d. Efekt by\u0142 taki, i\u017c musieli zap\u0142aci\u0107 nowej ekipie za popraw\u0119 i doko\u0144czenie prac fundamentowych. Zamiast oszcz\u0119dno\u015bci ponie\u015bli dodatkowe koszty. Przy wyka\u0144czaniu wn\u0119trza Pani Justyna poleca zakupy w sklepach internetowych, kt\u00f3re cz\u0119sto oferuj\u0105 szerszy asortyment w korzystniejszych cenach ni\u017c sklepy stacjonarne. W ich przypadku sprawdzi\u0142 si\u0119, r\u00f3wnie\u017c wyb\u00f3r dw\u00f3ch sta\u0142ych dostawc\u00f3w materia\u0142\u00f3w. Nawi\u0105zuj\u0105c sta\u0142\u0105 wsp\u00f3\u0142prac\u0119 uda\u0142o im si\u0119 negocjowa\u0107 dodatkowe rabaty. Nowoczesne wn\u0119trza Wyst\u00f3j wn\u0119trz by\u0142a dla pani Justyna tak samo wa\u017cny jak wygl\u0105d domu i jego otoczenie. Aby zadba\u0107 o sp\u00f3jn\u0105 ca\u0142o\u015b\u0107 skorzysta\u0142a ona z us\u0142ug architekta wn\u0119trz. Dzi\u0119ki temu mo\u017cemy podziwia\u0107 nowoczesne wn\u0119trza, w kt\u00f3rych brak jest zb\u0119dnych dekoracji. Ka\u017cdy detal i ozdoba, kt\u00f3ra pojawia si\u0119 we wn\u0119trzu jest dok\u0142adnie przemy\u015blana i dopasowana do ca\u0142o\u015bci aran\u017cacji. Jest to wn\u0119trze, kt\u00f3rym warto si\u0119 chwali\u0107. Pani Justyna z powodzeniem prowadzi profil na Instagramie @home_by_justyna, na kt\u00f3rym pokazuje zar\u00f3wno dom i jego zadbane otoczenie oraz ci\u0105gle dopieszczane wn\u0119trza domu. Na profilu poza zdj\u0119ciami pani Justyna ch\u0119tnie dzieli si\u0119 swoimi do\u015bwiadczeniami oraz odpowiada na pytania jej obserwuj\u0105cych. Zapraszamy do odwiedzenia profilu pan Justyny. Mo\u017ce Ariel b\u0119dzie r\u00f3wnie\u017c waszym idealnym projektem domu. &nbsp; Wszystkie zdj\u0119cia zosta\u0142y opublikowane dzi\u0119ki uprzejmo\u015bci pani Justyny @home_by_justyna. Pe\u0142na prezentacja projektu ARIEL oraz wi\u0119cej zdj\u0119\u0107 z realizacji znajdziecie na stronie projektu.<\/p>\n","protected":false},"author":1,"featured_media":12851,"comment_status":"open","ping_status":"open","sticky":false,"template":"","format":"standard","meta":{"footnotes":""},"categories":[6],"tags":[50,52,249,381,821,856,857],"class_list":["post-12850","post","type-post","status-publish","format-standard","has-post-thumbnail","hentry","category-foto-reportaze","tag-projekt-domu","tag-najnowsze-projekty","tag-domy-w-stylu","tag-mtm-styl","tag-budujemy-domywstylu","tag-budujemy-ariele","tag-gotowe-projeky-domow"],"_links":{"self":[{"href":"https:\/\/www.domywstylu.pl\/blog\/wp-json\/wp\/v2\/posts\/12850","targetHints":{"allow":["GET"]}}],"collection":[{"href":"https:\/\/www.domywstylu.pl\/blog\/wp-json\/wp\/v2\/posts"}],"about":[{"href":"https:\/\/www.domywstylu.pl\/blog\/wp-json\/wp\/v2\/types\/post"}],"author":[{"embeddable":true,"href":"https:\/\/www.domywstylu.pl\/blog\/wp-json\/wp\/v2\/users\/1"}],"replies":[{"embeddable":true,"href":"https:\/\/www.domywstylu.pl\/blog\/wp-json\/wp\/v2\/comments?post=12850"}],"version-history":[{"count":6,"href":"https:\/\/www.domywstylu.pl\/blog\/wp-json\/wp\/v2\/posts\/12850\/revisions"}],"predecessor-version":[{"id":12876,"href":"https:\/\/www.domywstylu.pl\/blog\/wp-json\/wp\/v2\/posts\/12850\/revisions\/12876"}],"wp:featuredmedia":[{"embeddable":true,"href":"https:\/\/www.domywstylu.pl\/blog\/wp-json\/wp\/v2\/media\/12851"}],"wp:attachment":[{"href":"https:\/\/www.domywstylu.pl\/blog\/wp-json\/wp\/v2\/media?parent=12850"}],"wp:term":[{"taxonomy":"category","embeddable":true,"href":"https:\/\/www.domywstylu.pl\/blog\/wp-json\/wp\/v2\/categories?post=12850"},{"taxonomy":"post_tag","embeddable":true,"href":"https:\/\/www.domywstylu.pl\/blog\/wp-json\/wp\/v2\/tags?post=12850"}],"curies":[{"name":"wp","href":"https:\/\/api.w.org\/{rel}","templated":true}]}}