{"id":13033,"date":"2022-07-21T15:00:49","date_gmt":"2022-07-21T13:00:49","guid":{"rendered":"https:\/\/www.domywstylu.pl\/blog\/?p=13033"},"modified":"2022-08-11T10:01:18","modified_gmt":"2022-08-11T08:01:18","slug":"nowosc-w-ofercie-projekt-domu-malutki-8","status":"publish","type":"post","link":"https:\/\/www.domywstylu.pl\/blog\/2022\/07\/21\/nowosc-w-ofercie-projekt-domu-malutki-8\/","title":{"rendered":"Nowo\u015b\u0107 w ofercie &#8211; Projekt domu Malutki 8"},"content":{"rendered":"<p>Seria projekt\u00f3w Malutki cieszy si\u0119 du\u017c\u0105 popularno\u015bci\u0105 w\u015br\u00f3d inwestor\u00f3w. Tworz\u0105 j\u0105 projekty dom\u00f3w z u\u017cytkowym poddaszem zaprojektowane w stylu nowoczesnej stodo\u0142y. Do kolekcji do\u0142\u0105czy\u0142 nowy projekt \u2013 <strong>MALUTKI 8<\/strong>, kt\u00f3ry w odr\u00f3\u017cnieniu od pozosta\u0142ych projekt\u00f3w z serii wyr\u00f3\u017cnia si\u0119 stonowan\u0105 stylistyk\u0105 wyko\u0144czenia elewacji oraz nowym uk\u0142adem funkcjonalnym. Projekt Malutki 8 zosta\u0142 zaprojektowany bazuj\u0105c na sugestiach, kt\u00f3re dostarczali nam sami Inwestorzy. Najwi\u0119cej uwag dotyczy\u0142o otwartej strefy dziennej oraz dodatkowego pokoju na parterze. Efektem prac jest nowy projekt w kolekcji.<\/p>\n<p><img loading=\"lazy\" decoding=\"async\" class=\"aligncenter wp-image-13040 size-large\" src=\"https:\/\/www.domywstylu.pl\/blog\/wp-content\/uploads\/2022\/07\/malutki_8_w4-1024x768.jpg\" alt=\"Projekt domu Malutki 8\" width=\"960\" height=\"720\" srcset=\"https:\/\/www.domywstylu.pl\/blog\/wp-content\/uploads\/2022\/07\/malutki_8_w4.jpg 1024w, https:\/\/www.domywstylu.pl\/blog\/wp-content\/uploads\/2022\/07\/malutki_8_w4-300x225.jpg 300w, https:\/\/www.domywstylu.pl\/blog\/wp-content\/uploads\/2022\/07\/malutki_8_w4-768x576.jpg 768w\" sizes=\"auto, (max-width: 960px) 100vw, 960px\" \/><\/p>\n<p style=\"text-align: center;\"><a href=\"https:\/\/www.domywstylu.pl\/projekt-domu-malutki_8.php\">Projekt domu Malutki 8<\/a><\/p>\n<h2 style=\"text-align: left;\"><strong>Architektura pustyni w minimalistycznej formie<\/strong><\/h2>\n<p>Wszystkie <a href=\"https:\/\/www.domywstylu.pl\/\">projekty dom\u00f3w<\/a> z serii Malutki wyr\u00f3\u017cniaj\u0105 si\u0119 nowoczesn\u0105 stylistyk\u0105 elewacji, na kt\u00f3rej dotychczas pojawia\u0142a si\u0119 blacha na r\u0105bek, \u0142upek oraz naturalne drewno. Projekt Malutki 8 odbiega od tej stylistyki. Projekt charakteryzuje si\u0119 minimalistyczn\u0105 elewacj\u0105 w jasnych, be\u017cowych barwach, wyko\u0144czon\u0105 w ca\u0142o\u015bci tynkiem. Inspiracj\u0105 przy tworzeniu tego projektu by\u0142a architektura pustyni, kt\u00f3r\u0105 najcz\u0119\u015bciej mo\u017cna podziwia\u0107 w Ameryce P\u00f3\u0142nocnej. Charakterystyczne dla tego stylu s\u0105 proste bry\u0142y, zazwyczaj z p\u0142askim dachem, wyko\u0144czone w jasnej, stonowanej kolorystyce, kt\u00f3ra nawi\u0105zuje do kolorystyki ziemi. Surowy wygl\u0105d budynk\u00f3w z du\u017cymi przeszkleniami ma za zadanie wtopi\u0107 budynek w jego otoczenie.<\/p>\n<p><img loading=\"lazy\" decoding=\"async\" class=\"aligncenter size-large wp-image-13039\" src=\"https:\/\/www.domywstylu.pl\/blog\/wp-content\/uploads\/2022\/07\/malutki_8_w3-1024x768.jpg\" alt=\"Projekt domu Malutki 8\" width=\"960\" height=\"720\" srcset=\"https:\/\/www.domywstylu.pl\/blog\/wp-content\/uploads\/2022\/07\/malutki_8_w3.jpg 1024w, https:\/\/www.domywstylu.pl\/blog\/wp-content\/uploads\/2022\/07\/malutki_8_w3-300x225.jpg 300w, https:\/\/www.domywstylu.pl\/blog\/wp-content\/uploads\/2022\/07\/malutki_8_w3-768x576.jpg 768w\" sizes=\"auto, (max-width: 960px) 100vw, 960px\" \/><\/p>\n<p>&nbsp;<\/p>\n<h2><strong>Projekt domu Malutki 8<\/strong><\/h2>\n<p>Projekt Malutki 8 charakteryzuje si\u0119 prost\u0105 bry\u0142\u0105, zaprojektowan\u0105 na planie prostok\u0105ta i przykryt\u0105 dwuspadowym dachem. Bezokapowy dach zosta\u0142 przykryty blach\u0105 na r\u0105bek w kolorze piaskowym. Elewacja w ca\u0142o\u015bci zosta\u0142a przykryta jasnym tynkiem, kt\u00f3rego kolorystyka jest sp\u00f3\u0142ka z kolorem dachu. Projekt niezmiennie charakteryzuj\u0105 wysokie przeszklenia w cz\u0119\u015bci dziennej oraz geometryczne okna na poddaszu. Budynek z dw\u00f3ch stron okala drewniany taras, kt\u00f3rego zadaszenie stanowi balkon oraz podcie\u0144 strefy wej\u015bciowej.<\/p>\n<p><img loading=\"lazy\" decoding=\"async\" class=\"aligncenter wp-image-13041 size-large\" src=\"https:\/\/www.domywstylu.pl\/blog\/wp-content\/uploads\/2022\/07\/malutki_8_w5-1024x768.jpg\" alt=\"Projekt domu Malutki 8\" width=\"960\" height=\"720\" srcset=\"https:\/\/www.domywstylu.pl\/blog\/wp-content\/uploads\/2022\/07\/malutki_8_w5.jpg 1024w, https:\/\/www.domywstylu.pl\/blog\/wp-content\/uploads\/2022\/07\/malutki_8_w5-300x225.jpg 300w, https:\/\/www.domywstylu.pl\/blog\/wp-content\/uploads\/2022\/07\/malutki_8_w5-768x576.jpg 768w\" sizes=\"auto, (max-width: 960px) 100vw, 960px\" \/><\/p>\n<h2><strong>Wielofunkcyjna strefa dzienna<\/strong><\/h2>\n<p>W projekcie zosta\u0142 zaproponowany nowy uk\u0142ad funkcjonalny, kt\u00f3ry r\u00f3\u017cni si\u0119 od pozosta\u0142ych projekt\u00f3w w serii. Najwi\u0119ksz\u0105 zmian\u0105 jest otwarta i wielofunkcyjna strefa dzienna na parterze. Sk\u0142ada si\u0119 na ni\u0105 salon, jadalnia oraz kuchnia w formie aneksu. Przy kuchni znajduje si\u0119 praktyczna spi\u017carnia. Ca\u0142a ta przestrze\u0144 jest idealnie do\u015bwietlona naturalnym \u015bwiat\u0142em, dzi\u0119ki szklanej \u015bcianie prowadz\u0105cej na taras. Uk\u0142ad funkcjonalny parteru uzupe\u0142nia go\u015bcinna sypialnia, idealna do pracy w domu, s\u0105siaduj\u0105ca z ni\u0105 \u0142azienka oraz pomieszczenie gospodarcze z funkcj\u0105 kot\u0142owni dost\u0119pne z wiatro\u0142apu.<\/p>\n<p><img loading=\"lazy\" decoding=\"async\" class=\"aligncenter size-large wp-image-13035\" src=\"https:\/\/www.domywstylu.pl\/blog\/wp-content\/uploads\/2022\/07\/malutki_8_rzut-1024x724.jpg\" alt=\"rzut parteru w projekcie Malutki 8\" width=\"960\" height=\"679\" srcset=\"https:\/\/www.domywstylu.pl\/blog\/wp-content\/uploads\/2022\/07\/malutki_8_rzut-1024x724.jpg 1024w, https:\/\/www.domywstylu.pl\/blog\/wp-content\/uploads\/2022\/07\/malutki_8_rzut-300x212.jpg 300w, https:\/\/www.domywstylu.pl\/blog\/wp-content\/uploads\/2022\/07\/malutki_8_rzut-768x543.jpg 768w, https:\/\/www.domywstylu.pl\/blog\/wp-content\/uploads\/2022\/07\/malutki_8_rzut-1140x806.jpg 1140w, https:\/\/www.domywstylu.pl\/blog\/wp-content\/uploads\/2022\/07\/malutki_8_rzut.jpg 1295w\" sizes=\"auto, (max-width: 960px) 100vw, 960px\" \/><\/p>\n<p style=\"text-align: center;\">Rzut parteru w projekcie Malutki 8<\/p>\n<p>Na poddaszu zaprojektowana jest prywatna strefa domownik\u00f3w. Znajduj\u0105 si\u0119 tam trzy sypialnie oraz og\u00f3lnodost\u0119pna \u0142azienka z pralni\u0105. G\u0142\u00f3wna sypialnia gospodarzy zosta\u0142a wyposa\u017cona w prywatn\u0105 garderob\u0119 oraz balkon w stylu loggii. Wysokie, geometryczne przeszklenia z pewno\u015bci\u0105 umil\u0105 odpoczynek po ci\u0119\u017ckim dniu pracy. Ca\u0142y uk\u0142ad funkcjonalny zosta\u0142 zaprojektowany na niespe\u0142na 103 m<sup>2<\/sup> powierzchni u\u017cytkowej, co pozytywnie wp\u0142ynie na koszty budowy domu.<\/p>\n<p><img loading=\"lazy\" decoding=\"async\" class=\"size-large wp-image-13036 aligncenter\" src=\"https:\/\/www.domywstylu.pl\/blog\/wp-content\/uploads\/2022\/07\/malutki_8_rzut_2-1024x668.jpg\" alt=\"Rzut poddasza w projekcie Malutki 8\" width=\"960\" height=\"626\" srcset=\"https:\/\/www.domywstylu.pl\/blog\/wp-content\/uploads\/2022\/07\/malutki_8_rzut_2-1024x668.jpg 1024w, https:\/\/www.domywstylu.pl\/blog\/wp-content\/uploads\/2022\/07\/malutki_8_rzut_2-300x196.jpg 300w, https:\/\/www.domywstylu.pl\/blog\/wp-content\/uploads\/2022\/07\/malutki_8_rzut_2-768x501.jpg 768w, https:\/\/www.domywstylu.pl\/blog\/wp-content\/uploads\/2022\/07\/malutki_8_rzut_2-1140x744.jpg 1140w, https:\/\/www.domywstylu.pl\/blog\/wp-content\/uploads\/2022\/07\/malutki_8_rzut_2.jpg 1312w\" sizes=\"auto, (max-width: 960px) 100vw, 960px\" \/><\/p>\n<p style=\"text-align: center;\">Rzut poddasza w projekcie Malutki 8<\/p>\n<h2><strong>Grupa Buduj\u0105cych \u2013 Budujemy Malutkiego<\/strong><\/h2>\n<p><img loading=\"lazy\" decoding=\"async\" class=\"aligncenter size-full wp-image-13034\" src=\"https:\/\/www.domywstylu.pl\/blog\/wp-content\/uploads\/2022\/07\/Budujemy-Malutkiego.jpg\" alt=\"Grupa buduj\u0105cych Budujemy Malutkiego\" width=\"740\" height=\"439\" srcset=\"https:\/\/www.domywstylu.pl\/blog\/wp-content\/uploads\/2022\/07\/Budujemy-Malutkiego.jpg 740w, https:\/\/www.domywstylu.pl\/blog\/wp-content\/uploads\/2022\/07\/Budujemy-Malutkiego-300x178.jpg 300w\" sizes=\"auto, (max-width: 740px) 100vw, 740px\" \/><\/p>\n<p>Wszystkich zainteresowanych projektami z serii Malutki zapraszamy do do\u0142\u0105czenia do zamkni\u0119tej grupy na Facebook\u2019u. Jest to miejsce pe\u0142ne do\u015bwiadcze\u0144, inspiracji oraz porad, kt\u00f3rymi wymieniaj\u0105 si\u0119 Inwestorzy. Grupa liczy ju\u017c ponad 21 tys. cz\u0142onk\u00f3w i zawiera wiele zdj\u0119\u0107 z realizacji projekt\u00f3w z serii Malutki. Z kim najlepiej porozmawia\u0107 o budowie domu, jak nie z drugim buduj\u0105cym ten sam dom. Do\u0142\u0105cz do grupy <strong>Budujemy Malutkiego<\/strong>.<\/p>\n","protected":false},"excerpt":{"rendered":"<p>Seria projekt\u00f3w Malutki cieszy si\u0119 du\u017c\u0105 popularno\u015bci\u0105 w\u015br\u00f3d inwestor\u00f3w. Tworz\u0105 j\u0105 projekty dom\u00f3w z u\u017cytkowym poddaszem zaprojektowane w stylu nowoczesnej stodo\u0142y. Do kolekcji do\u0142\u0105czy\u0142 nowy projekt \u2013 MALUTKI 8, kt\u00f3ry w odr\u00f3\u017cnieniu od pozosta\u0142ych projekt\u00f3w z serii wyr\u00f3\u017cnia si\u0119 stonowan\u0105 stylistyk\u0105 wyko\u0144czenia elewacji oraz nowym uk\u0142adem funkcjonalnym. Projekt Malutki 8 zosta\u0142 zaprojektowany bazuj\u0105c na sugestiach, kt\u00f3re dostarczali nam sami Inwestorzy. Najwi\u0119cej uwag dotyczy\u0142o otwartej strefy dziennej oraz dodatkowego pokoju na parterze. Efektem prac jest nowy projekt w kolekcji. Projekt domu Malutki 8 Architektura pustyni w minimalistycznej formie Wszystkie projekty dom\u00f3w z serii Malutki wyr\u00f3\u017cniaj\u0105 si\u0119 nowoczesn\u0105 stylistyk\u0105 elewacji, na kt\u00f3rej dotychczas pojawia\u0142a si\u0119 blacha na r\u0105bek, \u0142upek oraz naturalne drewno. Projekt Malutki 8 odbiega od tej stylistyki. Projekt charakteryzuje si\u0119 minimalistyczn\u0105 elewacj\u0105 w jasnych, be\u017cowych barwach, wyko\u0144czon\u0105 w ca\u0142o\u015bci tynkiem. Inspiracj\u0105 przy tworzeniu tego projektu by\u0142a architektura pustyni, kt\u00f3r\u0105 najcz\u0119\u015bciej mo\u017cna podziwia\u0107 w Ameryce P\u00f3\u0142nocnej. Charakterystyczne dla tego stylu s\u0105 proste bry\u0142y, zazwyczaj z p\u0142askim dachem, wyko\u0144czone w jasnej, stonowanej kolorystyce, kt\u00f3ra nawi\u0105zuje do kolorystyki ziemi. Surowy wygl\u0105d budynk\u00f3w z du\u017cymi przeszkleniami ma za zadanie wtopi\u0107 budynek w jego otoczenie. &nbsp; Projekt domu Malutki 8 Projekt Malutki 8 charakteryzuje si\u0119 prost\u0105 bry\u0142\u0105, zaprojektowan\u0105 na planie prostok\u0105ta i przykryt\u0105 dwuspadowym dachem. Bezokapowy dach zosta\u0142 przykryty blach\u0105 na r\u0105bek w kolorze piaskowym. Elewacja w ca\u0142o\u015bci zosta\u0142a przykryta jasnym tynkiem, kt\u00f3rego kolorystyka jest sp\u00f3\u0142ka z kolorem dachu. Projekt niezmiennie charakteryzuj\u0105 wysokie przeszklenia w cz\u0119\u015bci dziennej oraz geometryczne okna na poddaszu. Budynek z dw\u00f3ch stron okala drewniany taras, kt\u00f3rego zadaszenie stanowi balkon oraz podcie\u0144 strefy wej\u015bciowej. Wielofunkcyjna strefa dzienna W projekcie zosta\u0142 zaproponowany nowy uk\u0142ad funkcjonalny, kt\u00f3ry r\u00f3\u017cni si\u0119 od pozosta\u0142ych projekt\u00f3w w serii. Najwi\u0119ksz\u0105 zmian\u0105 jest otwarta i wielofunkcyjna strefa dzienna na parterze. Sk\u0142ada si\u0119 na ni\u0105 salon, jadalnia oraz kuchnia w formie aneksu. Przy kuchni znajduje si\u0119 praktyczna spi\u017carnia. Ca\u0142a ta przestrze\u0144 jest idealnie do\u015bwietlona naturalnym \u015bwiat\u0142em, dzi\u0119ki szklanej \u015bcianie prowadz\u0105cej na taras. Uk\u0142ad funkcjonalny parteru uzupe\u0142nia go\u015bcinna sypialnia, idealna do pracy w domu, s\u0105siaduj\u0105ca z ni\u0105 \u0142azienka oraz pomieszczenie gospodarcze z funkcj\u0105 kot\u0142owni dost\u0119pne z wiatro\u0142apu. Rzut parteru w projekcie Malutki 8 Na poddaszu zaprojektowana jest prywatna strefa domownik\u00f3w. Znajduj\u0105 si\u0119 tam trzy sypialnie oraz og\u00f3lnodost\u0119pna \u0142azienka z pralni\u0105. G\u0142\u00f3wna sypialnia gospodarzy zosta\u0142a wyposa\u017cona w prywatn\u0105 garderob\u0119 oraz balkon w stylu loggii. Wysokie, geometryczne przeszklenia z pewno\u015bci\u0105 umil\u0105 odpoczynek po ci\u0119\u017ckim dniu pracy. Ca\u0142y uk\u0142ad funkcjonalny zosta\u0142 zaprojektowany na niespe\u0142na 103 m2 powierzchni u\u017cytkowej, co pozytywnie wp\u0142ynie na koszty budowy domu. Rzut poddasza w projekcie Malutki 8 Grupa Buduj\u0105cych \u2013 Budujemy Malutkiego Wszystkich zainteresowanych projektami z serii Malutki zapraszamy do do\u0142\u0105czenia do zamkni\u0119tej grupy na Facebook\u2019u. Jest to miejsce pe\u0142ne do\u015bwiadcze\u0144, inspiracji oraz porad, kt\u00f3rymi wymieniaj\u0105 si\u0119 Inwestorzy. Grupa liczy ju\u017c ponad 21 tys. cz\u0142onk\u00f3w i zawiera wiele zdj\u0119\u0107 z realizacji projekt\u00f3w z serii Malutki. Z kim najlepiej porozmawia\u0107 o budowie domu, jak nie z drugim buduj\u0105cym ten sam dom. Do\u0142\u0105cz do grupy Budujemy Malutkiego.<\/p>\n","protected":false},"author":1,"featured_media":13037,"comment_status":"open","ping_status":"open","sticky":false,"template":"","format":"standard","meta":{"footnotes":""},"categories":[4],"tags":[50,52,249,837,844,859],"class_list":["post-13033","post","type-post","status-publish","format-standard","has-post-thumbnail","hentry","category-projekty-domow","tag-projekt-domu","tag-najnowsze-projekty","tag-domy-w-stylu","tag-gotowe-projekty-domow","tag-budujemy-malutkiego","tag-budujemy-odmywstylu"],"_links":{"self":[{"href":"https:\/\/www.domywstylu.pl\/blog\/wp-json\/wp\/v2\/posts\/13033","targetHints":{"allow":["GET"]}}],"collection":[{"href":"https:\/\/www.domywstylu.pl\/blog\/wp-json\/wp\/v2\/posts"}],"about":[{"href":"https:\/\/www.domywstylu.pl\/blog\/wp-json\/wp\/v2\/types\/post"}],"author":[{"embeddable":true,"href":"https:\/\/www.domywstylu.pl\/blog\/wp-json\/wp\/v2\/users\/1"}],"replies":[{"embeddable":true,"href":"https:\/\/www.domywstylu.pl\/blog\/wp-json\/wp\/v2\/comments?post=13033"}],"version-history":[{"count":3,"href":"https:\/\/www.domywstylu.pl\/blog\/wp-json\/wp\/v2\/posts\/13033\/revisions"}],"predecessor-version":[{"id":13044,"href":"https:\/\/www.domywstylu.pl\/blog\/wp-json\/wp\/v2\/posts\/13033\/revisions\/13044"}],"wp:featuredmedia":[{"embeddable":true,"href":"https:\/\/www.domywstylu.pl\/blog\/wp-json\/wp\/v2\/media\/13037"}],"wp:attachment":[{"href":"https:\/\/www.domywstylu.pl\/blog\/wp-json\/wp\/v2\/media?parent=13033"}],"wp:term":[{"taxonomy":"category","embeddable":true,"href":"https:\/\/www.domywstylu.pl\/blog\/wp-json\/wp\/v2\/categories?post=13033"},{"taxonomy":"post_tag","embeddable":true,"href":"https:\/\/www.domywstylu.pl\/blog\/wp-json\/wp\/v2\/tags?post=13033"}],"curies":[{"name":"wp","href":"https:\/\/api.w.org\/{rel}","templated":true}]}}