{"id":13356,"date":"2022-08-30T11:47:28","date_gmt":"2022-08-30T09:47:28","guid":{"rendered":"https:\/\/www.domywstylu.pl\/blog\/?p=13356"},"modified":"2022-09-07T11:34:44","modified_gmt":"2022-09-07T09:34:44","slug":"projekty-w-stylu-nowoczesnej-stodoly-kolekcja-projektow-paproc","status":"publish","type":"post","link":"https:\/\/www.domywstylu.pl\/blog\/2022\/08\/30\/projekty-w-stylu-nowoczesnej-stodoly-kolekcja-projektow-paproc\/","title":{"rendered":"Projekty w stylu nowoczesnej stodo\u0142y &#8211; kolekcja projekt\u00f3w Papro\u0107"},"content":{"rendered":"<p>Kolekcja projekt\u00f3w Papro\u0107 to\u00a0nowoczesne domy zaprojektowane w stylu nowoczesnej stodo\u0142y. Prosta bry\u0142a budynku powsta\u0142a na rzucie prostok\u0105ta zosta\u0142a przykryta dwuspadowym dachem bez okap\u00f3w. Ca\u0142o\u015b\u0107 wzbogacaj\u0105 liczne przeszklenia. Domy wyr\u00f3\u017cniaj\u0105 si\u0119 oryginalnym wyko\u0144czeniem elewacji oraz dopracowanym uk\u0142adem wn\u0119trz.<\/p>\n<p>&nbsp;<\/p>\n<h2>Papro\u0107, prostota w nowoczesnym wydaniu<\/h2>\n<p>Papro\u0107 to pierwszy projekt z tej serii. Dach i elewacj\u0119 pokrywa blacha falista w ciemnym kolorze. Blach\u0119 zestawiono z drewnian\u0105 szal\u00f3wk\u0105 w naturalnym odcieniu, kt\u00f3ra pojawi\u0142a si\u0119 przy tarasie oraz wej\u015bciu g\u0142\u00f3wnym. Minimalistyczny styl domu podkre\u015blono ukryt\u0105 rynn\u0105 w systemie bezokapowym.<\/p>\n<p><a href=\"https:\/\/www.domywstylu.pl\/projekt-domu-paproc.php\"><img loading=\"lazy\" decoding=\"async\" class=\"aligncenter wp-image-13363 size-large\" src=\"https:\/\/www.domywstylu.pl\/blog\/wp-content\/uploads\/2022\/08\/paproc_w4-1024x768.jpg\" alt=\"Projekt domu Papro\u0107\" width=\"960\" height=\"720\" srcset=\"https:\/\/www.domywstylu.pl\/blog\/wp-content\/uploads\/2022\/08\/paproc_w4.jpg 1024w, https:\/\/www.domywstylu.pl\/blog\/wp-content\/uploads\/2022\/08\/paproc_w4-300x225.jpg 300w, https:\/\/www.domywstylu.pl\/blog\/wp-content\/uploads\/2022\/08\/paproc_w4-768x576.jpg 768w\" sizes=\"auto, (max-width: 960px) 100vw, 960px\" \/><\/a><\/p>\n<p>W projekcie przewidziano wysokie przeszklenia, kt\u00f3re nadaj\u0105 domowi oryginalnego wygl\u0105du. Liczne przeszklenia to r\u00f3wnie\u017c pi\u0119kny widok na ogr\u00f3d oraz du\u017ca ilo\u015b\u0107 naturalnego \u015bwiat\u0142a. Pozyskanie energii s\u0142onecznej wp\u0142ywa na ograniczeniu koszt\u00f3w ogrzewania w okresie zimowym.<\/p>\n<p><a href=\"https:\/\/www.domywstylu.pl\/projekt-domu-paproc.php\"><img loading=\"lazy\" decoding=\"async\" class=\"aligncenter wp-image-13362 size-large\" src=\"https:\/\/www.domywstylu.pl\/blog\/wp-content\/uploads\/2022\/08\/paproc_w1-1024x768.jpg\" alt=\"Projekt domu Papro\u0107\" width=\"960\" height=\"720\" srcset=\"https:\/\/www.domywstylu.pl\/blog\/wp-content\/uploads\/2022\/08\/paproc_w1.jpg 1024w, https:\/\/www.domywstylu.pl\/blog\/wp-content\/uploads\/2022\/08\/paproc_w1-300x225.jpg 300w, https:\/\/www.domywstylu.pl\/blog\/wp-content\/uploads\/2022\/08\/paproc_w1-768x576.jpg 768w\" sizes=\"auto, (max-width: 960px) 100vw, 960px\" \/><\/a><\/p>\n<p>Uk\u0142ad funkcjonalny domu roz\u0142o\u017cono na nieco ponad 100 m2 powierzchni u\u017cytkowej. Zaprojektowano tu otwart\u0105 cz\u0119\u015b\u0107 dzienn\u0105 z miejscem na wygodn\u0105 kanap\u0119 i du\u017cy st\u00f3\u0142 jadalniany. Kuchnia zosta\u0142a cz\u0119\u015bciowo zamkni\u0119ta wysokim barkiem. W domu przewidziano dwie wygodne sypialnie oraz rodzinn\u0105 \u0142azienk\u0119.<\/p>\n<p><a href=\"https:\/\/www.domywstylu.pl\/projekt-domu-paproc.php\"><img loading=\"lazy\" decoding=\"async\" class=\"aligncenter wp-image-13364 size-large\" src=\"https:\/\/www.domywstylu.pl\/blog\/wp-content\/uploads\/2022\/08\/paproc_w5-1024x768.jpg\" alt=\"Projekt domu Papro\u0107\" width=\"960\" height=\"720\" srcset=\"https:\/\/www.domywstylu.pl\/blog\/wp-content\/uploads\/2022\/08\/paproc_w5.jpg 1024w, https:\/\/www.domywstylu.pl\/blog\/wp-content\/uploads\/2022\/08\/paproc_w5-300x225.jpg 300w, https:\/\/www.domywstylu.pl\/blog\/wp-content\/uploads\/2022\/08\/paproc_w5-768x576.jpg 768w\" sizes=\"auto, (max-width: 960px) 100vw, 960px\" \/><\/a><\/p>\n<p>Szczeg\u00f3\u0142y projektu domu Papro\u0107 na stronie\u00a0<span style=\"color: #0000ff;\"><a style=\"color: #0000ff;\" href=\"https:\/\/www.domywstylu.pl\/projekt-domu-paproc.php\">https:\/\/www.domywstylu.pl\/projekt-domu-paproc.php<\/a><\/span><\/p>\n<p>&nbsp;<\/p>\n<h2>Papro\u0107 2 i prywatna przestrze\u0144 gospodarzy<\/h2>\n<p>Papro\u0107 2 w por\u00f3wnaniu do swojej poprzedniczki zyska\u0142a dodatkow\u0105 powierzchni\u0119 u\u017cytkow\u0105. Uk\u0142ad funkcjonalny domu uzupe\u0142nia dodatkowa sypialnia rodzic\u00f3w z prywatn\u0105 \u0142azienk\u0105. W sypialni wygospodarowano r\u00f3wnie\u017c miejsce na du\u017c\u0105 szaf\u0119 w zabudowie. \u015aciana od strony ogrodu zosta\u0142a ca\u0142kowicie przeszkolona co z ca\u0142\u0105 pewno\u015bci\u0105 podnosi komfort u\u017cytkowania sypialni.<\/p>\n<p><a href=\"https:\/\/www.domywstylu.pl\/projekt-domu-paproc_2.php\"><img loading=\"lazy\" decoding=\"async\" class=\"aligncenter wp-image-13367 size-large\" src=\"https:\/\/www.domywstylu.pl\/blog\/wp-content\/uploads\/2022\/08\/paproc_2_w2-1024x768.jpg\" alt=\"Projekt domu Papro\u0107 2\" width=\"960\" height=\"720\" srcset=\"https:\/\/www.domywstylu.pl\/blog\/wp-content\/uploads\/2022\/08\/paproc_2_w2.jpg 1024w, https:\/\/www.domywstylu.pl\/blog\/wp-content\/uploads\/2022\/08\/paproc_2_w2-300x225.jpg 300w, https:\/\/www.domywstylu.pl\/blog\/wp-content\/uploads\/2022\/08\/paproc_2_w2-768x576.jpg 768w\" sizes=\"auto, (max-width: 960px) 100vw, 960px\" \/><\/a><\/p>\n<p>Ta wersja projektu z zewn\u0105trz zosta\u0142a wyko\u0144czona w zupe\u0142nie innym stylu. Elewacj\u0119 zdobi p\u0142ytka elewacyjna w ciemnoszarym kolorze. Na dachu zaproponowano dach\u00f3wk\u0119 ceramiczn\u0105 w tym samym odcieniu. W podcieniu tarasu pojawi\u0142a si\u0119 drewniana szal\u00f3wka w kolorze naturalnego drewna, kt\u00f3ra ociepla budynek wprowadzaj\u0105c dodatkowo wyj\u0105tkowy klimat. Ca\u0142o\u015b\u0107 prezentuje si\u0119 niezwykle elegancko i oryginalnie.<\/p>\n<p><a href=\"https:\/\/www.domywstylu.pl\/projekt-domu-paproc_2.php\"><img loading=\"lazy\" decoding=\"async\" class=\"aligncenter wp-image-13366 size-large\" src=\"https:\/\/www.domywstylu.pl\/blog\/wp-content\/uploads\/2022\/08\/paproc_2_w1-1024x768.jpg\" alt=\"Projekt domu Papro\u0107 2\" width=\"960\" height=\"720\" srcset=\"https:\/\/www.domywstylu.pl\/blog\/wp-content\/uploads\/2022\/08\/paproc_2_w1.jpg 1024w, https:\/\/www.domywstylu.pl\/blog\/wp-content\/uploads\/2022\/08\/paproc_2_w1-300x225.jpg 300w, https:\/\/www.domywstylu.pl\/blog\/wp-content\/uploads\/2022\/08\/paproc_2_w1-768x576.jpg 768w\" sizes=\"auto, (max-width: 960px) 100vw, 960px\" \/><\/a><\/p>\n<p>Szczeg\u00f3\u0142y projektu domu Papro\u0107 2 na stronie\u00a0<span style=\"color: #0000ff;\"><a style=\"color: #0000ff;\" href=\"https:\/\/www.domywstylu.pl\/projekt-domu-paproc_2.php\">https:\/\/www.domywstylu.pl\/projekt-domu-paproc_2.php<\/a><\/span><\/p>\n<p>&nbsp;<\/p>\n<h2>Papro\u0107 3, idealna na 4-osobowej rodziny<\/h2>\n<p>Papro\u0107 3 z ca\u0142\u0105 pewno\u015bci\u0105 r\u00f3\u017cni si\u0119 od swoich poprzedniczek. W przypadku tego projektu ca\u0142a elewacja zosta\u0142a wyko\u0144czona szal\u00f3wkow\u0105. Autor projektu zaproponowa\u0142 desk\u0119 w dw\u00f3ch odcieniach. Wi\u0119kszo\u015b\u0107 stanowi deska w ciemnym kolorze, ciep\u0142y miodowy kolor pojawi\u0142 si\u0119 jedynie na \u015bcianach szczytowych. Na dachu zaprojektowano blachodach\u00f3wk\u0119 w grafitowym odcieniu. Aby ociepli\u0107 budynek zdecydowano si\u0119 na stolark\u0119 okienn\u0105 w kolorze naturalnego drewna. Minimalistyczny styl domu zosta\u0142 podkre\u015blony ukrytymi rynnami w systemie bezokapowy.<\/p>\n<p><a href=\"https:\/\/www.domywstylu.pl\/projekt-domu-paproc_3.php\"><img loading=\"lazy\" decoding=\"async\" class=\"aligncenter wp-image-13369 size-large\" src=\"https:\/\/www.domywstylu.pl\/blog\/wp-content\/uploads\/2022\/08\/paproc_3_w1-1024x768.jpg\" alt=\"Projekt domu Papro\u0107 3\" width=\"960\" height=\"720\" srcset=\"https:\/\/www.domywstylu.pl\/blog\/wp-content\/uploads\/2022\/08\/paproc_3_w1.jpg 1024w, https:\/\/www.domywstylu.pl\/blog\/wp-content\/uploads\/2022\/08\/paproc_3_w1-300x225.jpg 300w, https:\/\/www.domywstylu.pl\/blog\/wp-content\/uploads\/2022\/08\/paproc_3_w1-768x576.jpg 768w\" sizes=\"auto, (max-width: 960px) 100vw, 960px\" \/><\/a><\/p>\n<p>Uk\u0142ad funkcjonalny domu r\u00f3\u017cni si\u0119 od dw\u00f3ch poprzednich wersji. Rozdzielono tu wyra\u017anie strefy u\u017cytkowe. Cz\u0119\u015b\u0107 dzienna z salonem, jadalni\u0105 i kuchni\u0105 zosta\u0142a do\u015bwietlona licznymi przeszkleniami. W domu pojawi\u0142y si\u0119 trzy wygodne sypialnie oraz wsp\u00f3lna \u0142azienka. Przy kuchni pojawi\u0142a si\u0119 spi\u017carnia, kt\u00f3ra z ca\u0142\u0105 pewno\u015bci\u0105 zostanie doceniona przez niejedn\u0105 Pani\u0105 domu.<\/p>\n<p><a href=\"https:\/\/www.domywstylu.pl\/projekt-domu-paproc_3.php\"><img loading=\"lazy\" decoding=\"async\" class=\"aligncenter wp-image-13370 size-large\" src=\"https:\/\/www.domywstylu.pl\/blog\/wp-content\/uploads\/2022\/08\/paproc_3_w4-1024x768.jpg\" alt=\"Projekt domu Papro\u0107 3\" width=\"960\" height=\"720\" srcset=\"https:\/\/www.domywstylu.pl\/blog\/wp-content\/uploads\/2022\/08\/paproc_3_w4.jpg 1024w, https:\/\/www.domywstylu.pl\/blog\/wp-content\/uploads\/2022\/08\/paproc_3_w4-300x225.jpg 300w, https:\/\/www.domywstylu.pl\/blog\/wp-content\/uploads\/2022\/08\/paproc_3_w4-768x576.jpg 768w\" sizes=\"auto, (max-width: 960px) 100vw, 960px\" \/><\/a><\/p>\n<p>Szczeg\u00f3\u0142y projektu domu Papro\u0107 3 na stronie\u00a0<span style=\"color: #0000ff;\"><a style=\"color: #0000ff;\" href=\"https:\/\/www.domywstylu.pl\/projekt-domu-paproc_3.php\">https:\/\/www.domywstylu.pl\/projekt-domu-paproc_3.php<\/a><\/span><\/p>\n<p>&nbsp;<\/p>\n<h2>Papro\u0107 4, kuchnia od strony drogi<\/h2>\n<p>Ostatni\u0105 wersj\u0119 z tej serii jest Papro\u0107 4. Wyka\u0144czaj\u0105c elewacj\u0119 zaproponowano tu p\u0142ytk\u0119 elewacyjn\u0105 w szarym kolorze oraz desk\u0119 szal\u00f3wkow\u0105 w kolorze naturalnego drewna. Dach pokryto dach\u00f3wk\u0105 ceramiczn\u0105 w ciemnym grafitowym odcieniu. Projekty dom\u00f3w w stylu nowoczesnej stodo\u0142y dedykowane s\u0105 g\u0142ownie pod tereny wiejskie i podmiejskie. Ich prosta bry\u0142a oraz naturalne wyko\u0144czenie sprawiaj\u0105, \u017ce domy \u015bwietnie wpisuj\u0105 si\u0119 w naturalny krajobraz.<\/p>\n<p><a href=\"https:\/\/www.domywstylu.pl\/projekt-domu-paproc_4.php\"><img loading=\"lazy\" decoding=\"async\" class=\"aligncenter wp-image-13371 size-large\" src=\"https:\/\/www.domywstylu.pl\/blog\/wp-content\/uploads\/2022\/08\/paproc_4_w3-1-1024x768.jpg\" alt=\"Projekt domu Papro\u0107 4\" width=\"960\" height=\"720\" srcset=\"https:\/\/www.domywstylu.pl\/blog\/wp-content\/uploads\/2022\/08\/paproc_4_w3-1.jpg 1024w, https:\/\/www.domywstylu.pl\/blog\/wp-content\/uploads\/2022\/08\/paproc_4_w3-1-300x225.jpg 300w, https:\/\/www.domywstylu.pl\/blog\/wp-content\/uploads\/2022\/08\/paproc_4_w3-1-768x576.jpg 768w\" sizes=\"auto, (max-width: 960px) 100vw, 960px\" \/><\/a><\/p>\n<p>Uk\u0142ad funkcjonalny Paproci 4 zosta\u0142 rozplanowany na 110 m2 powierzchni u\u017cytkowej. W przypadku ostatniej wersji autor projektu zdecydowa\u0142 si\u0119 na przeprojektowanie cz\u0119\u015bci dziennej. Kuchnia zosta\u0142a przeniesiona na stron\u0119 elewacji frontowej, dzi\u0119ki czemu wygospodarowano miejsce na prywatn\u0105 \u0142azienk\u0119 przy najwi\u0119kszej z sypialni<\/p>\n<p><a href=\"https:\/\/www.domywstylu.pl\/projekt-domu-paproc_4.php\"><img loading=\"lazy\" decoding=\"async\" class=\"aligncenter wp-image-13372 size-large\" src=\"https:\/\/www.domywstylu.pl\/blog\/wp-content\/uploads\/2022\/08\/paproc_4_w5-1-1024x768.jpg\" alt=\"Projekt domu Papro\u0107 4\" width=\"960\" height=\"720\" srcset=\"https:\/\/www.domywstylu.pl\/blog\/wp-content\/uploads\/2022\/08\/paproc_4_w5-1.jpg 1024w, https:\/\/www.domywstylu.pl\/blog\/wp-content\/uploads\/2022\/08\/paproc_4_w5-1-300x225.jpg 300w, https:\/\/www.domywstylu.pl\/blog\/wp-content\/uploads\/2022\/08\/paproc_4_w5-1-768x576.jpg 768w\" sizes=\"auto, (max-width: 960px) 100vw, 960px\" \/><\/a><\/p>\n<p>Szczeg\u00f3\u0142y projektu domu Papro\u0107 4 na stronie\u00a0<span style=\"color: #0000ff;\"><a style=\"color: #0000ff;\" href=\"https:\/\/www.domywstylu.pl\/projekt-domu-paproc_4.php\">https:\/\/www.domywstylu.pl\/projekt-domu-paproc_4.php<\/a><\/span><\/p>\n","protected":false},"excerpt":{"rendered":"<p>Kolekcja projekt\u00f3w Papro\u0107 to\u00a0nowoczesne domy zaprojektowane w stylu nowoczesnej stodo\u0142y. Prosta bry\u0142a budynku powsta\u0142a na rzucie prostok\u0105ta zosta\u0142a przykryta dwuspadowym dachem bez okap\u00f3w. Ca\u0142o\u015b\u0107 wzbogacaj\u0105 liczne przeszklenia. Domy wyr\u00f3\u017cniaj\u0105 si\u0119 oryginalnym wyko\u0144czeniem elewacji oraz dopracowanym uk\u0142adem wn\u0119trz. &nbsp; Papro\u0107, prostota w nowoczesnym wydaniu Papro\u0107 to pierwszy projekt z tej serii. Dach i elewacj\u0119 pokrywa blacha falista w ciemnym kolorze. Blach\u0119 zestawiono z drewnian\u0105 szal\u00f3wk\u0105 w naturalnym odcieniu, kt\u00f3ra pojawi\u0142a si\u0119 przy tarasie oraz wej\u015bciu g\u0142\u00f3wnym. Minimalistyczny styl domu podkre\u015blono ukryt\u0105 rynn\u0105 w systemie bezokapowym. W projekcie przewidziano wysokie przeszklenia, kt\u00f3re nadaj\u0105 domowi oryginalnego wygl\u0105du. Liczne przeszklenia to r\u00f3wnie\u017c pi\u0119kny widok na ogr\u00f3d oraz du\u017ca ilo\u015b\u0107 naturalnego \u015bwiat\u0142a. Pozyskanie energii s\u0142onecznej wp\u0142ywa na ograniczeniu koszt\u00f3w ogrzewania w okresie zimowym. Uk\u0142ad funkcjonalny domu roz\u0142o\u017cono na nieco ponad 100 m2 powierzchni u\u017cytkowej. Zaprojektowano tu otwart\u0105 cz\u0119\u015b\u0107 dzienn\u0105 z miejscem na wygodn\u0105 kanap\u0119 i du\u017cy st\u00f3\u0142 jadalniany. Kuchnia zosta\u0142a cz\u0119\u015bciowo zamkni\u0119ta wysokim barkiem. W domu przewidziano dwie wygodne sypialnie oraz rodzinn\u0105 \u0142azienk\u0119. Szczeg\u00f3\u0142y projektu domu Papro\u0107 na stronie\u00a0https:\/\/www.domywstylu.pl\/projekt-domu-paproc.php &nbsp; Papro\u0107 2 i prywatna przestrze\u0144 gospodarzy Papro\u0107 2 w por\u00f3wnaniu do swojej poprzedniczki zyska\u0142a dodatkow\u0105 powierzchni\u0119 u\u017cytkow\u0105. Uk\u0142ad funkcjonalny domu uzupe\u0142nia dodatkowa sypialnia rodzic\u00f3w z prywatn\u0105 \u0142azienk\u0105. W sypialni wygospodarowano r\u00f3wnie\u017c miejsce na du\u017c\u0105 szaf\u0119 w zabudowie. \u015aciana od strony ogrodu zosta\u0142a ca\u0142kowicie przeszkolona co z ca\u0142\u0105 pewno\u015bci\u0105 podnosi komfort u\u017cytkowania sypialni. Ta wersja projektu z zewn\u0105trz zosta\u0142a wyko\u0144czona w zupe\u0142nie innym stylu. Elewacj\u0119 zdobi p\u0142ytka elewacyjna w ciemnoszarym kolorze. Na dachu zaproponowano dach\u00f3wk\u0119 ceramiczn\u0105 w tym samym odcieniu. W podcieniu tarasu pojawi\u0142a si\u0119 drewniana szal\u00f3wka w kolorze naturalnego drewna, kt\u00f3ra ociepla budynek wprowadzaj\u0105c dodatkowo wyj\u0105tkowy klimat. Ca\u0142o\u015b\u0107 prezentuje si\u0119 niezwykle elegancko i oryginalnie. Szczeg\u00f3\u0142y projektu domu Papro\u0107 2 na stronie\u00a0https:\/\/www.domywstylu.pl\/projekt-domu-paproc_2.php &nbsp; Papro\u0107 3, idealna na 4-osobowej rodziny Papro\u0107 3 z ca\u0142\u0105 pewno\u015bci\u0105 r\u00f3\u017cni si\u0119 od swoich poprzedniczek. W przypadku tego projektu ca\u0142a elewacja zosta\u0142a wyko\u0144czona szal\u00f3wkow\u0105. Autor projektu zaproponowa\u0142 desk\u0119 w dw\u00f3ch odcieniach. Wi\u0119kszo\u015b\u0107 stanowi deska w ciemnym kolorze, ciep\u0142y miodowy kolor pojawi\u0142 si\u0119 jedynie na \u015bcianach szczytowych. Na dachu zaprojektowano blachodach\u00f3wk\u0119 w grafitowym odcieniu. Aby ociepli\u0107 budynek zdecydowano si\u0119 na stolark\u0119 okienn\u0105 w kolorze naturalnego drewna. Minimalistyczny styl domu zosta\u0142 podkre\u015blony ukrytymi rynnami w systemie bezokapowy. Uk\u0142ad funkcjonalny domu r\u00f3\u017cni si\u0119 od dw\u00f3ch poprzednich wersji. Rozdzielono tu wyra\u017anie strefy u\u017cytkowe. Cz\u0119\u015b\u0107 dzienna z salonem, jadalni\u0105 i kuchni\u0105 zosta\u0142a do\u015bwietlona licznymi przeszkleniami. W domu pojawi\u0142y si\u0119 trzy wygodne sypialnie oraz wsp\u00f3lna \u0142azienka. Przy kuchni pojawi\u0142a si\u0119 spi\u017carnia, kt\u00f3ra z ca\u0142\u0105 pewno\u015bci\u0105 zostanie doceniona przez niejedn\u0105 Pani\u0105 domu. Szczeg\u00f3\u0142y projektu domu Papro\u0107 3 na stronie\u00a0https:\/\/www.domywstylu.pl\/projekt-domu-paproc_3.php &nbsp; Papro\u0107 4, kuchnia od strony drogi Ostatni\u0105 wersj\u0119 z tej serii jest Papro\u0107 4. Wyka\u0144czaj\u0105c elewacj\u0119 zaproponowano tu p\u0142ytk\u0119 elewacyjn\u0105 w szarym kolorze oraz desk\u0119 szal\u00f3wkow\u0105 w kolorze naturalnego drewna. Dach pokryto dach\u00f3wk\u0105 ceramiczn\u0105 w ciemnym grafitowym odcieniu. Projekty dom\u00f3w w stylu nowoczesnej stodo\u0142y dedykowane s\u0105 g\u0142ownie pod tereny wiejskie i podmiejskie. Ich prosta bry\u0142a oraz naturalne wyko\u0144czenie sprawiaj\u0105, \u017ce domy \u015bwietnie wpisuj\u0105 si\u0119 w naturalny krajobraz. Uk\u0142ad funkcjonalny Paproci 4 zosta\u0142 rozplanowany na 110 m2 powierzchni u\u017cytkowej. W przypadku ostatniej wersji autor projektu zdecydowa\u0142 si\u0119 na przeprojektowanie cz\u0119\u015bci dziennej. Kuchnia zosta\u0142a przeniesiona na stron\u0119 elewacji frontowej, dzi\u0119ki czemu wygospodarowano miejsce na prywatn\u0105 \u0142azienk\u0119 przy najwi\u0119kszej z sypialni Szczeg\u00f3\u0142y projektu domu Papro\u0107 4 na stronie\u00a0https:\/\/www.domywstylu.pl\/projekt-domu-paproc_4.php<\/p>\n","protected":false},"author":1,"featured_media":13357,"comment_status":"open","ping_status":"open","sticky":false,"template":"","format":"standard","meta":{"footnotes":""},"categories":[4],"tags":[],"class_list":["post-13356","post","type-post","status-publish","format-standard","has-post-thumbnail","hentry","category-projekty-domow"],"_links":{"self":[{"href":"https:\/\/www.domywstylu.pl\/blog\/wp-json\/wp\/v2\/posts\/13356","targetHints":{"allow":["GET"]}}],"collection":[{"href":"https:\/\/www.domywstylu.pl\/blog\/wp-json\/wp\/v2\/posts"}],"about":[{"href":"https:\/\/www.domywstylu.pl\/blog\/wp-json\/wp\/v2\/types\/post"}],"author":[{"embeddable":true,"href":"https:\/\/www.domywstylu.pl\/blog\/wp-json\/wp\/v2\/users\/1"}],"replies":[{"embeddable":true,"href":"https:\/\/www.domywstylu.pl\/blog\/wp-json\/wp\/v2\/comments?post=13356"}],"version-history":[{"count":5,"href":"https:\/\/www.domywstylu.pl\/blog\/wp-json\/wp\/v2\/posts\/13356\/revisions"}],"predecessor-version":[{"id":13406,"href":"https:\/\/www.domywstylu.pl\/blog\/wp-json\/wp\/v2\/posts\/13356\/revisions\/13406"}],"wp:featuredmedia":[{"embeddable":true,"href":"https:\/\/www.domywstylu.pl\/blog\/wp-json\/wp\/v2\/media\/13357"}],"wp:attachment":[{"href":"https:\/\/www.domywstylu.pl\/blog\/wp-json\/wp\/v2\/media?parent=13356"}],"wp:term":[{"taxonomy":"category","embeddable":true,"href":"https:\/\/www.domywstylu.pl\/blog\/wp-json\/wp\/v2\/categories?post=13356"},{"taxonomy":"post_tag","embeddable":true,"href":"https:\/\/www.domywstylu.pl\/blog\/wp-json\/wp\/v2\/tags?post=13356"}],"curies":[{"name":"wp","href":"https:\/\/api.w.org\/{rel}","templated":true}]}}