{"id":13539,"date":"2022-10-26T11:18:14","date_gmt":"2022-10-26T09:18:14","guid":{"rendered":"https:\/\/www.domywstylu.pl\/blog\/?p=13539"},"modified":"2022-10-26T11:18:14","modified_gmt":"2022-10-26T09:18:14","slug":"porfir-i-porfir-2-nowa-kolekcja-projektow-domow-na-zgloszenie","status":"publish","type":"post","link":"https:\/\/www.domywstylu.pl\/blog\/2022\/10\/26\/porfir-i-porfir-2-nowa-kolekcja-projektow-domow-na-zgloszenie\/","title":{"rendered":"PORFIR\u00a0 i PORFIR 2 \u2013 nowa kolekcja projekt\u00f3w dom\u00f3w na zg\u0142oszenie"},"content":{"rendered":"<p>Porfiry to nowa kolekcja projekt\u00f3w z u\u017cytkowym poddaszem nale\u017c\u0105ca do kategorii ma\u0142ych dom\u00f3w. Projekty posiadaj\u0105 bowiem powierzchni\u0119 u\u017cytkow\u0105 nie przekraczaj\u0105c\u0105 85 m2. Domy charakteryzuj\u0105 si\u0119 prost\u0105 bry\u0142\u0105 zwie\u0144czon\u0105 dwuspadowym dachem oraz licznymi, wysokimi przeszkleniami.<\/p>\n<p><a href=\"https:\/\/www.domywstylu.pl\/projekt-domu-porfir.php\"><img loading=\"lazy\" decoding=\"async\" class=\"aligncenter wp-image-13545 size-large\" src=\"https:\/\/www.domywstylu.pl\/blog\/wp-content\/uploads\/2022\/10\/porfir_w1-1024x768.jpg\" alt=\"Projekt domu Porfir\" width=\"960\" height=\"720\" srcset=\"https:\/\/www.domywstylu.pl\/blog\/wp-content\/uploads\/2022\/10\/porfir_w1.jpg 1024w, https:\/\/www.domywstylu.pl\/blog\/wp-content\/uploads\/2022\/10\/porfir_w1-300x225.jpg 300w, https:\/\/www.domywstylu.pl\/blog\/wp-content\/uploads\/2022\/10\/porfir_w1-768x576.jpg 768w\" sizes=\"auto, (max-width: 960px) 100vw, 960px\" \/><\/a><\/p>\n<p>Zar\u00f3wno w przypadku projektu PORFIR i PORFIR 2 zaproponowano minimalistyczne wyko\u0144czenie elewacji. Pojawi\u0142 si\u0119 tu bia\u0142y tynk, kt\u00f3ry zestawiono z drewnian\u0105 szal\u00f3wk\u0105 w kolorze naturalnego drewna oraz blach\u0105 na r\u0105bek stoj\u0105cy w szarym odcieniu. Blacha pojawi\u0142a si\u0119 r\u00f3wnie\u017c na dachu, co dodatkowo podkre\u015bla nowoczesny charakter domu. W obu projektach pojawi\u0142a si\u0119 szara stolarka okienna i drzwiowa.<\/p>\n<p><a href=\"https:\/\/www.domywstylu.pl\/projekt-domu-porfir_2.php\"><img loading=\"lazy\" decoding=\"async\" class=\"aligncenter wp-image-13542 size-large\" src=\"https:\/\/www.domywstylu.pl\/blog\/wp-content\/uploads\/2022\/10\/porfir_2_w3-1024x768.jpg\" alt=\"Projekt domu Porfir 2\" width=\"960\" height=\"720\" srcset=\"https:\/\/www.domywstylu.pl\/blog\/wp-content\/uploads\/2022\/10\/porfir_2_w3.jpg 1024w, https:\/\/www.domywstylu.pl\/blog\/wp-content\/uploads\/2022\/10\/porfir_2_w3-300x225.jpg 300w, https:\/\/www.domywstylu.pl\/blog\/wp-content\/uploads\/2022\/10\/porfir_2_w3-768x576.jpg 768w\" sizes=\"auto, (max-width: 960px) 100vw, 960px\" \/><\/a><\/p>\n<p>&nbsp;<\/p>\n<h2>Cz\u0119\u015b\u0107 dzienna otwarta na ogr\u00f3d<\/h2>\n<p>Program funkcjonalny obu projekt\u00f3w zosta\u0142 przemy\u015blany w ka\u017cdym szczeg\u00f3le, co w przypadku tak niewielkich dom\u00f3w jest bardzo istotn\u0105 kwesti\u0105. Na parterze zaprojektowano otwart\u0105 cz\u0119\u015b\u0107 dzienn\u0105. Pojawi\u0142 si\u0119 tu wygodny salon po\u0142\u0105czony z jadalni\u0105 oraz aneks kuchenny w kszta\u0142cie litery L. Niew\u0105tpliw\u0105 zalet\u0105 strefy dziennej s\u0105 wysokie przeszklenia. Zapewniaj\u0105 one odpowiedni\u0105 ilo\u015b\u0107 dziennego \u015bwiat\u0142a oraz otwieraj\u0105 dom na ogr\u00f3d.\u00a0Dzi\u0119ki zastosowaniu przesuwnego systemu otwierania idealnie \u0142\u0105cz\u0105 salon z tarasem.<\/p>\n<p><a href=\"https:\/\/www.domywstylu.pl\/projekt-domu-porfir_2.php\"><img loading=\"lazy\" decoding=\"async\" class=\"aligncenter wp-image-13544 size-large\" src=\"https:\/\/www.domywstylu.pl\/blog\/wp-content\/uploads\/2022\/10\/porfir_2_w5-1024x768.jpg\" alt=\"Projekt domu Porfir 2\" width=\"960\" height=\"720\" srcset=\"https:\/\/www.domywstylu.pl\/blog\/wp-content\/uploads\/2022\/10\/porfir_2_w5.jpg 1024w, https:\/\/www.domywstylu.pl\/blog\/wp-content\/uploads\/2022\/10\/porfir_2_w5-300x225.jpg 300w, https:\/\/www.domywstylu.pl\/blog\/wp-content\/uploads\/2022\/10\/porfir_2_w5-768x576.jpg 768w\" sizes=\"auto, (max-width: 960px) 100vw, 960px\" \/><\/a><\/p>\n<p><a href=\"https:\/\/www.domywstylu.pl\/projekt-domu-porfir.php\"><img loading=\"lazy\" decoding=\"async\" class=\"aligncenter wp-image-13546 size-large\" src=\"https:\/\/www.domywstylu.pl\/blog\/wp-content\/uploads\/2022\/10\/porfir_w2-1024x768.jpg\" alt=\"Projekt domu Porfir\" width=\"960\" height=\"720\" srcset=\"https:\/\/www.domywstylu.pl\/blog\/wp-content\/uploads\/2022\/10\/porfir_w2.jpg 1024w, https:\/\/www.domywstylu.pl\/blog\/wp-content\/uploads\/2022\/10\/porfir_w2-300x225.jpg 300w, https:\/\/www.domywstylu.pl\/blog\/wp-content\/uploads\/2022\/10\/porfir_w2-768x576.jpg 768w\" sizes=\"auto, (max-width: 960px) 100vw, 960px\" \/><\/a><\/p>\n<p>Uk\u0142ad funkcjonalny parteru dope\u0142nia \u0142azienka, w kt\u00f3rej wygospodarowano miejsce na prysznic, wiatro\u0142ap z miejscem na pojemn\u0105 szaf\u0119 oraz pomieszczenie techniczne. Pomieszczenie techniczne zosta\u0142o wykorzystane nie tylko do ulokowania pieca gazowego, ale r\u00f3wnie\u017c jako pralnia.<\/p>\n<p><a href=\"https:\/\/www.domywstylu.pl\/projekt-domu-porfir_2.php\"><img loading=\"lazy\" decoding=\"async\" class=\"aligncenter wp-image-13541 size-large\" src=\"https:\/\/www.domywstylu.pl\/blog\/wp-content\/uploads\/2022\/10\/porfir_2_w2-1024x768.jpg\" alt=\"Projekt domu Porfir 2\" width=\"960\" height=\"720\" srcset=\"https:\/\/www.domywstylu.pl\/blog\/wp-content\/uploads\/2022\/10\/porfir_2_w2.jpg 1024w, https:\/\/www.domywstylu.pl\/blog\/wp-content\/uploads\/2022\/10\/porfir_2_w2-300x225.jpg 300w, https:\/\/www.domywstylu.pl\/blog\/wp-content\/uploads\/2022\/10\/porfir_2_w2-768x576.jpg 768w\" sizes=\"auto, (max-width: 960px) 100vw, 960px\" \/><\/a><\/p>\n<p>&nbsp;<\/p>\n<h2>Trzy wygodne sypialnie<\/h2>\n<p>Tradycyjnie prywatna strefa mieszka\u0144c\u00f3w znalaz\u0142a si\u0119 na poddaszu. Komfort u\u017cytkowania z ca\u0142\u0105 pewno\u015bci\u0105 odnajdzie tu 4 \u2013 osobowa rodzina. Zaprojektowano tu trzy funkcjonalne sypialnie. Najwi\u0119ksza sypialnia oczywi\u015bcie zosta\u0142a zaproponowana dla rodzic\u00f3w. Aby podnie\u015b\u0107 komfort jej u\u017cytkowania, autor projektu wygospodarowa\u0142 tu miejsce na niewielk\u0105 garderob\u0119.<\/p>\n<p><a href=\"https:\/\/www.domywstylu.pl\/projekt-domu-porfir.php\"><img loading=\"lazy\" decoding=\"async\" class=\"aligncenter wp-image-13547 size-large\" src=\"https:\/\/www.domywstylu.pl\/blog\/wp-content\/uploads\/2022\/10\/porfir_w3-1024x768.jpg\" alt=\"Projekt domu Porfir\" width=\"960\" height=\"720\" srcset=\"https:\/\/www.domywstylu.pl\/blog\/wp-content\/uploads\/2022\/10\/porfir_w3.jpg 1024w, https:\/\/www.domywstylu.pl\/blog\/wp-content\/uploads\/2022\/10\/porfir_w3-300x225.jpg 300w, https:\/\/www.domywstylu.pl\/blog\/wp-content\/uploads\/2022\/10\/porfir_w3-768x576.jpg 768w\" sizes=\"auto, (max-width: 960px) 100vw, 960px\" \/><\/a><\/p>\n<p>Dwa mniejsze pokoje s\u0105 przeznaczone dla dzieci. Przewidziano w nich miejsce na wygodne \u0142\u00f3\u017cka, biurka oraz pojemne szafy. Dzieci mog\u0105 wsp\u00f3lnie korzysta\u0107 z balkonu, kt\u00f3ry jest jednocze\u015bnie zadaszeniem dolnego tarasu. Uzupe\u0142nieniem programu funkcjonalnego poddasza jest rodzinna \u0142azienka, w kt\u00f3rej przewidziano wann\u0119.<\/p>\n<p><a href=\"https:\/\/www.domywstylu.pl\/projekt-domu-porfir.php\"><img loading=\"lazy\" decoding=\"async\" class=\"aligncenter wp-image-13548 size-large\" src=\"https:\/\/www.domywstylu.pl\/blog\/wp-content\/uploads\/2022\/10\/porfir_w4-1024x768.jpg\" alt=\"Projekt domu Porfir\" width=\"960\" height=\"720\" srcset=\"https:\/\/www.domywstylu.pl\/blog\/wp-content\/uploads\/2022\/10\/porfir_w4.jpg 1024w, https:\/\/www.domywstylu.pl\/blog\/wp-content\/uploads\/2022\/10\/porfir_w4-300x225.jpg 300w, https:\/\/www.domywstylu.pl\/blog\/wp-content\/uploads\/2022\/10\/porfir_w4-768x576.jpg 768w\" sizes=\"auto, (max-width: 960px) 100vw, 960px\" \/><\/a><\/p>\n<p>&nbsp;<\/p>\n<h2>Projekt domu na zg\u0142oszenie &#8211; projekt domu bez pozwolenia<\/h2>\n<p>Oba projekty dom\u00f3w Porfir posiadaj\u0105 powierzchni\u0119 zabudowy nie przekraczaj\u0105c\u0105 70 m2. Umo\u017cliwia to ich budow\u0119 na zg\u0142oszenie. Budowa domu na zg\u0142oszenie to jedno z za\u0142o\u017ce\u0144 programu Nowy Polski \u0141ad. Program zacz\u0105\u0142 obwi\u0105zywa\u0107 od 1 stycznia 2022 roku. Budowa domu na zg\u0142oszenie dodatkowo nie wymaga kierownika budowy oraz prowadzenia dziennika budowy. Inwestorzy, kt\u00f3rzy zdecyduj\u0105 si\u0119 na budow\u0119 domu bez pozwolenia musz\u0105 dope\u0142ni\u0107 jednak kilka formalno\u015bci. Wraz z projektem musz\u0105 z\u0142o\u017cy\u0107 m.in. o\u015bwiadczenie, \u017ce inwestycja jest realizowana celem zaspokojenia w\u0142asnych potrzeb mieszkaniowych. Co wa\u017cne, wszystkie domy realizowane na zg\u0142oszenie\u00a0musz\u0105 by\u0107 budynkami wolnostoj\u0105cymi i posiada\u0107 nie wi\u0119cej ni\u017c dwie kondygnacje. Obszar oddzia\u0142ywania realizowanej inwestycji nie mo\u017ce r\u00f3wnie\u017c wykracza\u0107 poza granice dzia\u0142ki, na kt\u00f3rej jest realizowany. Oczywi\u015bcie, jak w przypadku budowy domu drog\u0105 pozwolenia, projekt musi spe\u0142nia\u0107 warunki Miejscowego Planu Zagospodarowania Przestrzennego b\u0105d\u017a wydane przez urz\u0105d Warunki Zabudowy.<\/p>\n<p>&nbsp;<\/p>\n<p>Szczeg\u00f3\u0142y projektu PORFIR &#8211;\u00a0<span style=\"text-decoration: underline; color: #0000ff;\"><a style=\"color: #0000ff; text-decoration: underline;\" href=\"https:\/\/www.domywstylu.pl\/projekt-domu-porfir.php\">https:\/\/www.domywstylu.pl\/projekt-domu-porfir.php<\/a><\/span><\/p>\n<p>Szczeg\u00f3\u0142y projektu PORFIR 2 &#8211;\u00a0<span style=\"color: #0000ff;\"><a style=\"color: #0000ff;\" href=\"https:\/\/www.domywstylu.pl\/projekt-domu-porfir_2.php\"><span style=\"text-decoration: underline;\">https:\/\/www.domywstylu.pl\/projekt-domu-porfir_2.php<\/span><\/a><\/span><\/p>\n<p>&nbsp;<\/p>\n","protected":false},"excerpt":{"rendered":"<p>Porfiry to nowa kolekcja projekt\u00f3w z u\u017cytkowym poddaszem nale\u017c\u0105ca do kategorii ma\u0142ych dom\u00f3w. Projekty posiadaj\u0105 bowiem powierzchni\u0119 u\u017cytkow\u0105 nie przekraczaj\u0105c\u0105 85 m2. Domy charakteryzuj\u0105 si\u0119 prost\u0105 bry\u0142\u0105 zwie\u0144czon\u0105 dwuspadowym dachem oraz licznymi, wysokimi przeszkleniami. Zar\u00f3wno w przypadku projektu PORFIR i PORFIR 2 zaproponowano minimalistyczne wyko\u0144czenie elewacji. Pojawi\u0142 si\u0119 tu bia\u0142y tynk, kt\u00f3ry zestawiono z drewnian\u0105 szal\u00f3wk\u0105 w kolorze naturalnego drewna oraz blach\u0105 na r\u0105bek stoj\u0105cy w szarym odcieniu. Blacha pojawi\u0142a si\u0119 r\u00f3wnie\u017c na dachu, co dodatkowo podkre\u015bla nowoczesny charakter domu. W obu projektach pojawi\u0142a si\u0119 szara stolarka okienna i drzwiowa. &nbsp; Cz\u0119\u015b\u0107 dzienna otwarta na ogr\u00f3d Program funkcjonalny obu projekt\u00f3w zosta\u0142 przemy\u015blany w ka\u017cdym szczeg\u00f3le, co w przypadku tak niewielkich dom\u00f3w jest bardzo istotn\u0105 kwesti\u0105. Na parterze zaprojektowano otwart\u0105 cz\u0119\u015b\u0107 dzienn\u0105. Pojawi\u0142 si\u0119 tu wygodny salon po\u0142\u0105czony z jadalni\u0105 oraz aneks kuchenny w kszta\u0142cie litery L. Niew\u0105tpliw\u0105 zalet\u0105 strefy dziennej s\u0105 wysokie przeszklenia. Zapewniaj\u0105 one odpowiedni\u0105 ilo\u015b\u0107 dziennego \u015bwiat\u0142a oraz otwieraj\u0105 dom na ogr\u00f3d.\u00a0Dzi\u0119ki zastosowaniu przesuwnego systemu otwierania idealnie \u0142\u0105cz\u0105 salon z tarasem. Uk\u0142ad funkcjonalny parteru dope\u0142nia \u0142azienka, w kt\u00f3rej wygospodarowano miejsce na prysznic, wiatro\u0142ap z miejscem na pojemn\u0105 szaf\u0119 oraz pomieszczenie techniczne. Pomieszczenie techniczne zosta\u0142o wykorzystane nie tylko do ulokowania pieca gazowego, ale r\u00f3wnie\u017c jako pralnia. &nbsp; Trzy wygodne sypialnie Tradycyjnie prywatna strefa mieszka\u0144c\u00f3w znalaz\u0142a si\u0119 na poddaszu. Komfort u\u017cytkowania z ca\u0142\u0105 pewno\u015bci\u0105 odnajdzie tu 4 \u2013 osobowa rodzina. Zaprojektowano tu trzy funkcjonalne sypialnie. Najwi\u0119ksza sypialnia oczywi\u015bcie zosta\u0142a zaproponowana dla rodzic\u00f3w. Aby podnie\u015b\u0107 komfort jej u\u017cytkowania, autor projektu wygospodarowa\u0142 tu miejsce na niewielk\u0105 garderob\u0119. Dwa mniejsze pokoje s\u0105 przeznaczone dla dzieci. Przewidziano w nich miejsce na wygodne \u0142\u00f3\u017cka, biurka oraz pojemne szafy. Dzieci mog\u0105 wsp\u00f3lnie korzysta\u0107 z balkonu, kt\u00f3ry jest jednocze\u015bnie zadaszeniem dolnego tarasu. Uzupe\u0142nieniem programu funkcjonalnego poddasza jest rodzinna \u0142azienka, w kt\u00f3rej przewidziano wann\u0119. &nbsp; Projekt domu na zg\u0142oszenie &#8211; projekt domu bez pozwolenia Oba projekty dom\u00f3w Porfir posiadaj\u0105 powierzchni\u0119 zabudowy nie przekraczaj\u0105c\u0105 70 m2. Umo\u017cliwia to ich budow\u0119 na zg\u0142oszenie. Budowa domu na zg\u0142oszenie to jedno z za\u0142o\u017ce\u0144 programu Nowy Polski \u0141ad. Program zacz\u0105\u0142 obwi\u0105zywa\u0107 od 1 stycznia 2022 roku. Budowa domu na zg\u0142oszenie dodatkowo nie wymaga kierownika budowy oraz prowadzenia dziennika budowy. Inwestorzy, kt\u00f3rzy zdecyduj\u0105 si\u0119 na budow\u0119 domu bez pozwolenia musz\u0105 dope\u0142ni\u0107 jednak kilka formalno\u015bci. Wraz z projektem musz\u0105 z\u0142o\u017cy\u0107 m.in. o\u015bwiadczenie, \u017ce inwestycja jest realizowana celem zaspokojenia w\u0142asnych potrzeb mieszkaniowych. Co wa\u017cne, wszystkie domy realizowane na zg\u0142oszenie\u00a0musz\u0105 by\u0107 budynkami wolnostoj\u0105cymi i posiada\u0107 nie wi\u0119cej ni\u017c dwie kondygnacje. Obszar oddzia\u0142ywania realizowanej inwestycji nie mo\u017ce r\u00f3wnie\u017c wykracza\u0107 poza granice dzia\u0142ki, na kt\u00f3rej jest realizowany. Oczywi\u015bcie, jak w przypadku budowy domu drog\u0105 pozwolenia, projekt musi spe\u0142nia\u0107 warunki Miejscowego Planu Zagospodarowania Przestrzennego b\u0105d\u017a wydane przez urz\u0105d Warunki Zabudowy. &nbsp; Szczeg\u00f3\u0142y projektu PORFIR &#8211;\u00a0https:\/\/www.domywstylu.pl\/projekt-domu-porfir.php Szczeg\u00f3\u0142y projektu PORFIR 2 &#8211;\u00a0https:\/\/www.domywstylu.pl\/projekt-domu-porfir_2.php &nbsp;<\/p>\n","protected":false},"author":1,"featured_media":13540,"comment_status":"open","ping_status":"open","sticky":false,"template":"","format":"standard","meta":{"footnotes":""},"categories":[4],"tags":[],"class_list":["post-13539","post","type-post","status-publish","format-standard","has-post-thumbnail","hentry","category-projekty-domow"],"_links":{"self":[{"href":"https:\/\/www.domywstylu.pl\/blog\/wp-json\/wp\/v2\/posts\/13539","targetHints":{"allow":["GET"]}}],"collection":[{"href":"https:\/\/www.domywstylu.pl\/blog\/wp-json\/wp\/v2\/posts"}],"about":[{"href":"https:\/\/www.domywstylu.pl\/blog\/wp-json\/wp\/v2\/types\/post"}],"author":[{"embeddable":true,"href":"https:\/\/www.domywstylu.pl\/blog\/wp-json\/wp\/v2\/users\/1"}],"replies":[{"embeddable":true,"href":"https:\/\/www.domywstylu.pl\/blog\/wp-json\/wp\/v2\/comments?post=13539"}],"version-history":[{"count":3,"href":"https:\/\/www.domywstylu.pl\/blog\/wp-json\/wp\/v2\/posts\/13539\/revisions"}],"predecessor-version":[{"id":13552,"href":"https:\/\/www.domywstylu.pl\/blog\/wp-json\/wp\/v2\/posts\/13539\/revisions\/13552"}],"wp:featuredmedia":[{"embeddable":true,"href":"https:\/\/www.domywstylu.pl\/blog\/wp-json\/wp\/v2\/media\/13540"}],"wp:attachment":[{"href":"https:\/\/www.domywstylu.pl\/blog\/wp-json\/wp\/v2\/media?parent=13539"}],"wp:term":[{"taxonomy":"category","embeddable":true,"href":"https:\/\/www.domywstylu.pl\/blog\/wp-json\/wp\/v2\/categories?post=13539"},{"taxonomy":"post_tag","embeddable":true,"href":"https:\/\/www.domywstylu.pl\/blog\/wp-json\/wp\/v2\/tags?post=13539"}],"curies":[{"name":"wp","href":"https:\/\/api.w.org\/{rel}","templated":true}]}}