{"id":13611,"date":"2022-12-07T11:57:15","date_gmt":"2022-12-07T10:57:15","guid":{"rendered":"https:\/\/www.domywstylu.pl\/blog\/?p=13611"},"modified":"2022-12-07T11:57:15","modified_gmt":"2022-12-07T10:57:15","slug":"nowosc-w-ofercie-projekt-domu-tytus","status":"publish","type":"post","link":"https:\/\/www.domywstylu.pl\/blog\/2022\/12\/07\/nowosc-w-ofercie-projekt-domu-tytus\/","title":{"rendered":"Nowo\u015b\u0107 w ofercie &#8211; projekt domu TYTUS"},"content":{"rendered":"<p>Tytus projekt domu z u\u017cytkowym poddaszem zaprojektowany w stylu nowoczesnej stodo\u0142y. Zwarta bry\u0142a zaprojektowana na rzucie prostok\u0105ta zwie\u0144czona zosta\u0142a dwuspadowym dachem. Projekt jest odpowiedzi\u0105 na potrzeby inwestor\u00f3w poszukuj\u0105cych minimalistycznych rozwi\u0105za\u0144. Tych, kt\u00f3rzy ceni\u0105 prostot\u0119 i funkcjonalne wn\u0119trza.<\/p>\n<p><a href=\"https:\/\/www.domywstylu.pl\/projekt-domu-tytus.php\"><img loading=\"lazy\" decoding=\"async\" class=\"aligncenter wp-image-13614 size-large\" src=\"https:\/\/www.domywstylu.pl\/blog\/wp-content\/uploads\/2022\/12\/tytus_w3-1024x768.jpg\" alt=\"Projekt domu TYTUS\" width=\"960\" height=\"720\" srcset=\"https:\/\/www.domywstylu.pl\/blog\/wp-content\/uploads\/2022\/12\/tytus_w3.jpg 1024w, https:\/\/www.domywstylu.pl\/blog\/wp-content\/uploads\/2022\/12\/tytus_w3-300x225.jpg 300w, https:\/\/www.domywstylu.pl\/blog\/wp-content\/uploads\/2022\/12\/tytus_w3-768x576.jpg 768w\" sizes=\"auto, (max-width: 960px) 100vw, 960px\" \/><\/a><\/p>\n<p>Uk\u0142ad funkcjonalny domu roz\u0142o\u017cono pomi\u0119dzy dwie kondygnacje. Mieszka\u0144cy do dyspozycji maj\u0105 powierzchni\u0119 u\u017cytkow\u0105 r\u00f3wn\u0105 143,5 m2. Jednym z atut\u00f3w projektu jest jednostanowiskowy gara\u017c wpisany w bry\u0142\u0119 budynku. Gara\u017c stanowi r\u00f3wnie\u017c dodatkowe miejsce do przechowywania.<\/p>\n<p><a href=\"https:\/\/www.domywstylu.pl\/projekt-domu-tytus.php\"><img loading=\"lazy\" decoding=\"async\" class=\"aligncenter wp-image-13613 size-full\" src=\"https:\/\/www.domywstylu.pl\/blog\/wp-content\/uploads\/2022\/12\/tytus_w2.jpg\" alt=\"Projekt domu TYTUS\" width=\"1024\" height=\"768\" \/><\/a><\/p>\n<p>Projekty dom\u00f3w w stylu nowoczesnej stodo\u0142y\u00a0cechuje prosta bry\u0142a przykryta dwuspadowym dachem. Wn\u0119trze domu jest otwart\u0105 przestrzeni\u0105, najcz\u0119\u015bciej posiada liczne przeszklenia i bardzo cz\u0119sto wysoki sufit. Projekt domu Tytus nie odbiega o tych za\u0142o\u017ce\u0144. Posiada minimalistyczn\u0105 bry\u0142\u0119 z dwuspadowym dachem. Z zewn\u0105trz wyko\u0144czony zosta\u0142 jasnym tynkiem oraz drewnian\u0105 szal\u00f3wk\u0105. Zestawienie naturalnych materia\u0142\u00f3w z dach\u00f3wk\u0105 w kolorze ceglastym prezentuje si\u0119 naprawd\u0119 pi\u0119knie. Uroku dodaj\u0105 mu r\u00f3wnie\u017c drewniane balustrady, kt\u00f3re pojawi\u0142y si\u0119 przy portfenetrach.<\/p>\n<p><a href=\"https:\/\/www.domywstylu.pl\/projekt-domu-tytus.php\"><img loading=\"lazy\" decoding=\"async\" class=\"aligncenter wp-image-13616 size-large\" src=\"https:\/\/www.domywstylu.pl\/blog\/wp-content\/uploads\/2022\/12\/tytus_w5-1024x768.jpg\" alt=\"Projekt domu TYTUS\" width=\"960\" height=\"720\" srcset=\"https:\/\/www.domywstylu.pl\/blog\/wp-content\/uploads\/2022\/12\/tytus_w5.jpg 1024w, https:\/\/www.domywstylu.pl\/blog\/wp-content\/uploads\/2022\/12\/tytus_w5-300x225.jpg 300w, https:\/\/www.domywstylu.pl\/blog\/wp-content\/uploads\/2022\/12\/tytus_w5-768x576.jpg 768w\" sizes=\"auto, (max-width: 960px) 100vw, 960px\" \/><\/a><\/p>\n<p>Wn\u0119trza domu s\u0105 niezwykle jasne i idealnie do\u015bwietlone. Wszystko dzi\u0119ki szerokim przeszkleniom, kt\u00f3re pojawi\u0142y si\u0119 po obu stronach salonu. Przeszklenia otwieraj\u0105 wn\u0119trze domu naogr\u00f3d i powi\u0119kszaj\u0105 je optycznie. W salonie zaprojektowano tzw. wysoki sufit z antresol\u0105, kt\u00f3ra dodatkowo podkre\u015bla oryginalny charakter domu.<\/p>\n<p><a href=\"https:\/\/www.domywstylu.pl\/projekt-domu-tytus.php\"><img loading=\"lazy\" decoding=\"async\" class=\"aligncenter wp-image-13614 size-large\" src=\"https:\/\/www.domywstylu.pl\/blog\/wp-content\/uploads\/2022\/12\/tytus_w3-1024x768.jpg\" alt=\"Projekt domu TYTUS\" width=\"960\" height=\"720\" srcset=\"https:\/\/www.domywstylu.pl\/blog\/wp-content\/uploads\/2022\/12\/tytus_w3.jpg 1024w, https:\/\/www.domywstylu.pl\/blog\/wp-content\/uploads\/2022\/12\/tytus_w3-300x225.jpg 300w, https:\/\/www.domywstylu.pl\/blog\/wp-content\/uploads\/2022\/12\/tytus_w3-768x576.jpg 768w\" sizes=\"auto, (max-width: 960px) 100vw, 960px\" \/><\/a><\/p>\n<p>Wchodz\u0105c do domu zatrzymujemy si\u0119 w wiatro\u0142apie, w kt\u00f3rym wygospodarowano miejsce na pojemne szafy. Du\u017c\u0105 zalet\u0105 jest tutaj mo\u017cliwo\u015b\u0107 wej\u015bcia z wiatro\u0142apu bezpo\u015brednio do spi\u017carni. Z ca\u0142\u0105 pewno\u015bci\u0105 u\u0142atwi to wnoszenie zakup\u00f3w.\u00a0Strefa dzienna to przestronny salon, w kt\u00f3rym pojawi\u0142a si\u0119 koza, jadalnia z licznymi przeszkleniami oraz funkcjonalna kuchnia. Ca\u0142o\u015b\u0107 okalaj\u0105 panoramiczne okna z przesuwnymi drzwiami. Przeszklenia pozwalaj\u0105 na po\u0142\u0105czenie wn\u0119trza domu ze stref\u0105 wypoczynku na tarasie.<\/p>\n<p><a href=\"https:\/\/www.domywstylu.pl\/projekt-domu-tytus.php\"><img loading=\"lazy\" decoding=\"async\" class=\"aligncenter wp-image-13615 size-large\" src=\"https:\/\/www.domywstylu.pl\/blog\/wp-content\/uploads\/2022\/12\/tytus_w4-1024x768.jpg\" alt=\"Projekt domu TYTUS\" width=\"960\" height=\"720\" srcset=\"https:\/\/www.domywstylu.pl\/blog\/wp-content\/uploads\/2022\/12\/tytus_w4.jpg 1024w, https:\/\/www.domywstylu.pl\/blog\/wp-content\/uploads\/2022\/12\/tytus_w4-300x225.jpg 300w, https:\/\/www.domywstylu.pl\/blog\/wp-content\/uploads\/2022\/12\/tytus_w4-768x576.jpg 768w\" sizes=\"auto, (max-width: 960px) 100vw, 960px\" \/><\/a><\/p>\n<p>Uk\u0142ad funkcjonalny parteru dope\u0142nia sypialnia przeznaczona dla gospodarzy oraz s\u0105siaduj\u0105c\u0105 z ni\u0105 \u0142azienk\u0119. Przy wej\u015bciu g\u0142\u00f3wnym ulokowano pomieszczenie gospodarcze z miejscem na pomp\u0119 ciep\u0142a. W zale\u017cno\u015bci od potrzeb mieszka\u0144c\u00f3w bez problemu mo\u017cna tu r\u00f3wnie\u017c urz\u0105dzi\u0107 pralni\u0119 lub dodatkow\u0105 garderob\u0119.<\/p>\n<p><a href=\"https:\/\/www.domywstylu.pl\/projekt-domu-tytus.php\"><img loading=\"lazy\" decoding=\"async\" class=\"aligncenter wp-image-13617 size-large\" src=\"https:\/\/www.domywstylu.pl\/blog\/wp-content\/uploads\/2022\/12\/image_rzut-1024x694.jpg\" alt=\"Rzut parteru projektu domu TYTUS\" width=\"960\" height=\"651\" srcset=\"https:\/\/www.domywstylu.pl\/blog\/wp-content\/uploads\/2022\/12\/image_rzut-1024x694.jpg 1024w, https:\/\/www.domywstylu.pl\/blog\/wp-content\/uploads\/2022\/12\/image_rzut-300x203.jpg 300w, https:\/\/www.domywstylu.pl\/blog\/wp-content\/uploads\/2022\/12\/image_rzut-768x521.jpg 768w, https:\/\/www.domywstylu.pl\/blog\/wp-content\/uploads\/2022\/12\/image_rzut-1140x773.jpg 1140w, https:\/\/www.domywstylu.pl\/blog\/wp-content\/uploads\/2022\/12\/image_rzut.jpg 1593w\" sizes=\"auto, (max-width: 960px) 100vw, 960px\" \/><\/a><\/p>\n<p>Na poddaszu zaprojektowano dwie dodatkowe sypialnie przeznaczone dla dzieci oraz funkcjonaln\u0105 \u0142azienk\u0119. Pojawi\u0142a si\u0119 r\u00f3wnie\u017c przestrze\u0144, kt\u00f3r\u0105 mieszka\u0144cy zaadaptowa\u0107 mog\u0105 do w\u0142asnych potrzeb, np. na biblioteczk\u0119, si\u0142owni\u0119 lub miejsce do pracy zdalnej lub nauki.<\/p>\n<p><a href=\"https:\/\/www.domywstylu.pl\/projekt-domu-tytus.php\"><img loading=\"lazy\" decoding=\"async\" class=\"aligncenter wp-image-13618 size-large\" src=\"https:\/\/www.domywstylu.pl\/blog\/wp-content\/uploads\/2022\/12\/image2_rzut-1024x534.jpg\" alt=\"Rzut poddasza projektu domu TYTUS\" width=\"960\" height=\"501\" srcset=\"https:\/\/www.domywstylu.pl\/blog\/wp-content\/uploads\/2022\/12\/image2_rzut-1024x534.jpg 1024w, https:\/\/www.domywstylu.pl\/blog\/wp-content\/uploads\/2022\/12\/image2_rzut-300x156.jpg 300w, https:\/\/www.domywstylu.pl\/blog\/wp-content\/uploads\/2022\/12\/image2_rzut-768x400.jpg 768w, https:\/\/www.domywstylu.pl\/blog\/wp-content\/uploads\/2022\/12\/image2_rzut-1140x594.jpg 1140w, https:\/\/www.domywstylu.pl\/blog\/wp-content\/uploads\/2022\/12\/image2_rzut.jpg 1596w\" sizes=\"auto, (max-width: 960px) 100vw, 960px\" \/><\/a><\/p>\n<p>Szczeg\u00f3\u0142y projektu na stronie &#8211; <span style=\"text-decoration: underline; color: #0000ff;\"><a style=\"color: #0000ff; text-decoration: underline;\" href=\"https:\/\/www.domywstylu.pl\/projekt-domu-tytus.php\">Projekt domu TYTUS<\/a><\/span><\/p>\n","protected":false},"excerpt":{"rendered":"<p>Tytus projekt domu z u\u017cytkowym poddaszem zaprojektowany w stylu nowoczesnej stodo\u0142y. Zwarta bry\u0142a zaprojektowana na rzucie prostok\u0105ta zwie\u0144czona zosta\u0142a dwuspadowym dachem. Projekt jest odpowiedzi\u0105 na potrzeby inwestor\u00f3w poszukuj\u0105cych minimalistycznych rozwi\u0105za\u0144. Tych, kt\u00f3rzy ceni\u0105 prostot\u0119 i funkcjonalne wn\u0119trza. Uk\u0142ad funkcjonalny domu roz\u0142o\u017cono pomi\u0119dzy dwie kondygnacje. Mieszka\u0144cy do dyspozycji maj\u0105 powierzchni\u0119 u\u017cytkow\u0105 r\u00f3wn\u0105 143,5 m2. Jednym z atut\u00f3w projektu jest jednostanowiskowy gara\u017c wpisany w bry\u0142\u0119 budynku. Gara\u017c stanowi r\u00f3wnie\u017c dodatkowe miejsce do przechowywania. Projekty dom\u00f3w w stylu nowoczesnej stodo\u0142y\u00a0cechuje prosta bry\u0142a przykryta dwuspadowym dachem. Wn\u0119trze domu jest otwart\u0105 przestrzeni\u0105, najcz\u0119\u015bciej posiada liczne przeszklenia i bardzo cz\u0119sto wysoki sufit. Projekt domu Tytus nie odbiega o tych za\u0142o\u017ce\u0144. Posiada minimalistyczn\u0105 bry\u0142\u0119 z dwuspadowym dachem. Z zewn\u0105trz wyko\u0144czony zosta\u0142 jasnym tynkiem oraz drewnian\u0105 szal\u00f3wk\u0105. Zestawienie naturalnych materia\u0142\u00f3w z dach\u00f3wk\u0105 w kolorze ceglastym prezentuje si\u0119 naprawd\u0119 pi\u0119knie. Uroku dodaj\u0105 mu r\u00f3wnie\u017c drewniane balustrady, kt\u00f3re pojawi\u0142y si\u0119 przy portfenetrach. Wn\u0119trza domu s\u0105 niezwykle jasne i idealnie do\u015bwietlone. Wszystko dzi\u0119ki szerokim przeszkleniom, kt\u00f3re pojawi\u0142y si\u0119 po obu stronach salonu. Przeszklenia otwieraj\u0105 wn\u0119trze domu naogr\u00f3d i powi\u0119kszaj\u0105 je optycznie. W salonie zaprojektowano tzw. wysoki sufit z antresol\u0105, kt\u00f3ra dodatkowo podkre\u015bla oryginalny charakter domu. Wchodz\u0105c do domu zatrzymujemy si\u0119 w wiatro\u0142apie, w kt\u00f3rym wygospodarowano miejsce na pojemne szafy. Du\u017c\u0105 zalet\u0105 jest tutaj mo\u017cliwo\u015b\u0107 wej\u015bcia z wiatro\u0142apu bezpo\u015brednio do spi\u017carni. Z ca\u0142\u0105 pewno\u015bci\u0105 u\u0142atwi to wnoszenie zakup\u00f3w.\u00a0Strefa dzienna to przestronny salon, w kt\u00f3rym pojawi\u0142a si\u0119 koza, jadalnia z licznymi przeszkleniami oraz funkcjonalna kuchnia. Ca\u0142o\u015b\u0107 okalaj\u0105 panoramiczne okna z przesuwnymi drzwiami. Przeszklenia pozwalaj\u0105 na po\u0142\u0105czenie wn\u0119trza domu ze stref\u0105 wypoczynku na tarasie. Uk\u0142ad funkcjonalny parteru dope\u0142nia sypialnia przeznaczona dla gospodarzy oraz s\u0105siaduj\u0105c\u0105 z ni\u0105 \u0142azienk\u0119. Przy wej\u015bciu g\u0142\u00f3wnym ulokowano pomieszczenie gospodarcze z miejscem na pomp\u0119 ciep\u0142a. W zale\u017cno\u015bci od potrzeb mieszka\u0144c\u00f3w bez problemu mo\u017cna tu r\u00f3wnie\u017c urz\u0105dzi\u0107 pralni\u0119 lub dodatkow\u0105 garderob\u0119. Na poddaszu zaprojektowano dwie dodatkowe sypialnie przeznaczone dla dzieci oraz funkcjonaln\u0105 \u0142azienk\u0119. Pojawi\u0142a si\u0119 r\u00f3wnie\u017c przestrze\u0144, kt\u00f3r\u0105 mieszka\u0144cy zaadaptowa\u0107 mog\u0105 do w\u0142asnych potrzeb, np. na biblioteczk\u0119, si\u0142owni\u0119 lub miejsce do pracy zdalnej lub nauki. Szczeg\u00f3\u0142y projektu na stronie &#8211; Projekt domu TYTUS<\/p>\n","protected":false},"author":1,"featured_media":13613,"comment_status":"open","ping_status":"open","sticky":false,"template":"","format":"standard","meta":{"footnotes":""},"categories":[4],"tags":[],"class_list":["post-13611","post","type-post","status-publish","format-standard","has-post-thumbnail","hentry","category-projekty-domow"],"_links":{"self":[{"href":"https:\/\/www.domywstylu.pl\/blog\/wp-json\/wp\/v2\/posts\/13611","targetHints":{"allow":["GET"]}}],"collection":[{"href":"https:\/\/www.domywstylu.pl\/blog\/wp-json\/wp\/v2\/posts"}],"about":[{"href":"https:\/\/www.domywstylu.pl\/blog\/wp-json\/wp\/v2\/types\/post"}],"author":[{"embeddable":true,"href":"https:\/\/www.domywstylu.pl\/blog\/wp-json\/wp\/v2\/users\/1"}],"replies":[{"embeddable":true,"href":"https:\/\/www.domywstylu.pl\/blog\/wp-json\/wp\/v2\/comments?post=13611"}],"version-history":[{"count":2,"href":"https:\/\/www.domywstylu.pl\/blog\/wp-json\/wp\/v2\/posts\/13611\/revisions"}],"predecessor-version":[{"id":13620,"href":"https:\/\/www.domywstylu.pl\/blog\/wp-json\/wp\/v2\/posts\/13611\/revisions\/13620"}],"wp:featuredmedia":[{"embeddable":true,"href":"https:\/\/www.domywstylu.pl\/blog\/wp-json\/wp\/v2\/media\/13613"}],"wp:attachment":[{"href":"https:\/\/www.domywstylu.pl\/blog\/wp-json\/wp\/v2\/media?parent=13611"}],"wp:term":[{"taxonomy":"category","embeddable":true,"href":"https:\/\/www.domywstylu.pl\/blog\/wp-json\/wp\/v2\/categories?post=13611"},{"taxonomy":"post_tag","embeddable":true,"href":"https:\/\/www.domywstylu.pl\/blog\/wp-json\/wp\/v2\/tags?post=13611"}],"curies":[{"name":"wp","href":"https:\/\/api.w.org\/{rel}","templated":true}]}}