{"id":13742,"date":"2023-03-01T11:43:45","date_gmt":"2023-03-01T10:43:45","guid":{"rendered":"https:\/\/www.domywstylu.pl\/blog\/?p=13742"},"modified":"2023-04-04T11:32:09","modified_gmt":"2023-04-04T09:32:09","slug":"13742","status":"publish","type":"post","link":"https:\/\/www.domywstylu.pl\/blog\/2023\/03\/01\/13742\/","title":{"rendered":"Przepi\u0119kna realizacja projektu Ariel 4"},"content":{"rendered":"<p>Z wielk\u0105 przyjemno\u015bci\u0105 przedstawiamy najnowsz\u0105 realizacj\u0119 projektu Ariel 4 ? Dom prezentuje si\u0119 naprawd\u0119 pi\u0119knie i ju\u017c od pierwszego spojrzenia przyci\u0105ga uwag\u0119.\u00a0Staramy si\u0119 \u015bledzi\u0107 realizacje naszych projekt\u00f3w i z dum\u0105 prezentowa\u0107 kolejne zdj\u0119cia otrzymane od inwestor\u00f3w.<\/p>\n<p>&nbsp;<\/p>\n<h2>Przepi\u0119kna realizacja projektu Ariel 4<\/h2>\n<p>Inwestorzy zdecydowali si\u0119 na elewacj\u0119 wyko\u0144czon\u0105 bia\u0142ym tynkiem i drewnian\u0105 szal\u00f3wk\u0105. Z ca\u0142\u0105 pewno\u015bci\u0105 jest to bardzo elegancki i klasyczny wyb\u00f3r. Taki styl elewacji z pewno\u015bci\u0105 wpisze si\u0119 w ka\u017cdy krajobraz, zar\u00f3wno ten miejski, jak i wiejski. Bia\u0142y tynk jest nie tylko pi\u0119kny, ale r\u00f3wnie\u017c funkcjonalny. Jest odporny na r\u00f3\u017cne czynniki atmosferycznymi, takie jak deszcz, wiatr czy promienie s\u0142oneczne. Jasny kolor elewacji dodatkowo wprowadza do otoczenia du\u017co \u015bwiat\u0142a, co jest bardzo pozytywne zw\u0142aszcza w okresie zimowym.<\/p>\n<p><a href=\"https:\/\/www.domywstylu.pl\/projekt-domu-ariel_4.php\"><img loading=\"lazy\" decoding=\"async\" class=\"aligncenter wp-image-13736 size-full\" src=\"https:\/\/www.domywstylu.pl\/blog\/wp-content\/uploads\/2023\/03\/image_realizacje3.jpg\" alt=\"Zdj\u0119cie z realizacji projektu Ariel 4\" width=\"450\" height=\"450\" srcset=\"https:\/\/www.domywstylu.pl\/blog\/wp-content\/uploads\/2023\/03\/image_realizacje3.jpg 450w, https:\/\/www.domywstylu.pl\/blog\/wp-content\/uploads\/2023\/03\/image_realizacje3-150x150.jpg 150w, https:\/\/www.domywstylu.pl\/blog\/wp-content\/uploads\/2023\/03\/image_realizacje3-300x300.jpg 300w, https:\/\/www.domywstylu.pl\/blog\/wp-content\/uploads\/2023\/03\/image_realizacje3-75x75.jpg 75w\" sizes=\"auto, (max-width: 450px) 100vw, 450px\" \/><\/a><\/p>\n<p>Po\u0142\u0105czenie szal\u00f3wki z bia\u0142ym tynkiem by\u0142 strza\u0142em w dziesi\u0105tk\u0119. Drewniana szal\u00f3wka to materia\u0142, kt\u00f3ry wspaniale komponuje si\u0119 z bia\u0142ym tynkiem. To bardzo stylowy wyb\u00f3r, kt\u00f3ry pasuje do wielu styl\u00f3w architektonicznych. Bia\u0142y tynk w po\u0142\u0105czeniu z szal\u00f3wk\u0105 daje gwarancj\u0119 trwa\u0142o\u015bci elewacji, a jednocze\u015bnie stanowi bardzo estetyczne rozwi\u0105zanie.<\/p>\n<p><a href=\"https:\/\/www.domywstylu.pl\/projekt-domu-ariel_4.php\"><img loading=\"lazy\" decoding=\"async\" class=\"aligncenter wp-image-13735 size-full\" src=\"https:\/\/www.domywstylu.pl\/blog\/wp-content\/uploads\/2023\/03\/image_realizacje2.jpg\" alt=\"Zdj\u0119cie z realizacji projektu Ariel 4\" width=\"450\" height=\"450\" srcset=\"https:\/\/www.domywstylu.pl\/blog\/wp-content\/uploads\/2023\/03\/image_realizacje2.jpg 450w, https:\/\/www.domywstylu.pl\/blog\/wp-content\/uploads\/2023\/03\/image_realizacje2-150x150.jpg 150w, https:\/\/www.domywstylu.pl\/blog\/wp-content\/uploads\/2023\/03\/image_realizacje2-300x300.jpg 300w, https:\/\/www.domywstylu.pl\/blog\/wp-content\/uploads\/2023\/03\/image_realizacje2-75x75.jpg 75w\" sizes=\"auto, (max-width: 450px) 100vw, 450px\" \/><\/a><\/p>\n<p>Inwestorzy zdecydowali si\u0119 na nowoczesny wystr\u00f3j wn\u0119trza z u\u017cyciem drewna oraz element\u00f3w ceg\u0142y. We wn\u0119trzu pojawi\u0142y si\u0119 kolory bieli i szaro\u015bci. Zestawienie minimalistycznego stylu z naturalnymi materia\u0142ami, z ca\u0142\u0105 pewno\u015bci\u0105 nadaj\u0105 mu przytulno\u015bci i charakteru.\u00a0Ceg\u0142a to kolejny materia\u0142, kt\u00f3ry \u015bwietnie wpisuje si\u0119 w nowoczesny styl. W tym przypadku zosta\u0142a wykorzystana do wyko\u0144czenia \u015bciany w salonie. Ceg\u0142a w kolorze ceglastym idealnie komponuje si\u0119 z drewnem ocieplaj\u0105c nowoczesny wystr\u00f3j.<\/p>\n<p><a href=\"https:\/\/www.domywstylu.pl\/projekt-domu-ariel_4.php\"><img loading=\"lazy\" decoding=\"async\" class=\"aligncenter wp-image-13737 size-full\" src=\"https:\/\/www.domywstylu.pl\/blog\/wp-content\/uploads\/2023\/03\/image_realizacje4.jpg\" alt=\"Zdj\u0119cie z realizacji projektu Ariel 4\" width=\"800\" height=\"600\" srcset=\"https:\/\/www.domywstylu.pl\/blog\/wp-content\/uploads\/2023\/03\/image_realizacje4.jpg 800w, https:\/\/www.domywstylu.pl\/blog\/wp-content\/uploads\/2023\/03\/image_realizacje4-300x225.jpg 300w, https:\/\/www.domywstylu.pl\/blog\/wp-content\/uploads\/2023\/03\/image_realizacje4-768x576.jpg 768w\" sizes=\"auto, (max-width: 800px) 100vw, 800px\" \/><\/a><\/p>\n<p>Drewno we wn\u0119trzu mo\u017ce zosta\u0107 u\u017cyte w najr\u00f3\u017cniejszych formach. W tym przypadku pojawi\u0142o si\u0119 na pod\u0142odze, na \u015bcianach, w postaci mebli i element\u00f3w dekoracyjnych. W po\u0142\u0105czeniu z jasnymi kolorami bieli i szaro\u015bci tworzy niezwykle sp\u00f3jn\u0105 ca\u0142o\u015b\u0107. Inwestorzy wybrali drewno w bia\u0142ym i orzechowym kolorze, co idealnie komponuje si\u0119 z pozosta\u0142ymi elementami wystroju.<\/p>\n<p><a href=\"https:\/\/www.domywstylu.pl\/projekt-domu-ariel_4.php\"><img loading=\"lazy\" decoding=\"async\" class=\"aligncenter wp-image-13738 size-full\" src=\"https:\/\/www.domywstylu.pl\/blog\/wp-content\/uploads\/2023\/03\/image_realizacje5.jpg\" alt=\"Zdj\u0119cie z realizacji projektu Ariel 4\" width=\"800\" height=\"600\" srcset=\"https:\/\/www.domywstylu.pl\/blog\/wp-content\/uploads\/2023\/03\/image_realizacje5.jpg 800w, https:\/\/www.domywstylu.pl\/blog\/wp-content\/uploads\/2023\/03\/image_realizacje5-300x225.jpg 300w, https:\/\/www.domywstylu.pl\/blog\/wp-content\/uploads\/2023\/03\/image_realizacje5-768x576.jpg 768w\" sizes=\"auto, (max-width: 800px) 100vw, 800px\" \/><\/a><\/p>\n<p>Z ca\u0142\u0105 pewno\u015bci\u0105 kolory bieli i szaro\u015bci s\u0105 idealnym wyborem w przypadku nowoczesnego wn\u0119trza. Biel wprowadza do wn\u0119trza \u015bwiat\u0142o, a szaro\u015b\u0107 dodaje elegancji i podkre\u015bla charakter wn\u0119trza. Biele i szaro\u015bci mo\u017cna wykorzysta\u0107 zar\u00f3wno na \u015bcianach, jak r\u00f3wnie\u017c wybieraj\u0105c meble oraz dodatki. Pami\u0119tajmy, \u017ce monochromatyczna paleta barw nie musi by\u0107 nudna. \u00a0Wystarczy, \u017ce dodamy kilka kolorowych akcent\u00f3w, a nasz wyst\u00f3j zyska zupe\u0142nie nowe spojrzenie.<\/p>\n<p><a href=\"https:\/\/www.domywstylu.pl\/projekt-domu-ariel_4.php\"><img loading=\"lazy\" decoding=\"async\" class=\"aligncenter wp-image-13741 size-full\" src=\"https:\/\/www.domywstylu.pl\/blog\/wp-content\/uploads\/2023\/03\/image_realizacje8.jpg\" alt=\"Zdj\u0119cie z realizacji projektu Ariel 4\" width=\"450\" height=\"450\" srcset=\"https:\/\/www.domywstylu.pl\/blog\/wp-content\/uploads\/2023\/03\/image_realizacje8.jpg 450w, https:\/\/www.domywstylu.pl\/blog\/wp-content\/uploads\/2023\/03\/image_realizacje8-150x150.jpg 150w, https:\/\/www.domywstylu.pl\/blog\/wp-content\/uploads\/2023\/03\/image_realizacje8-300x300.jpg 300w, https:\/\/www.domywstylu.pl\/blog\/wp-content\/uploads\/2023\/03\/image_realizacje8-75x75.jpg 75w\" sizes=\"auto, (max-width: 450px) 100vw, 450px\" \/><\/a><\/p>\n<p>Nowoczesny wystr\u00f3j wn\u0119trza, w kt\u00f3rym pojawia si\u0119 drewno, ceg\u0142a, odcienie bieli i szaro\u015bci to po\u0142\u0105czenie prostoty, naturalno\u015bci oraz elegancji. Aran\u017cacja wn\u0119trza w tym stylu nabiera wyj\u0105tkowego charakteru, a jednocze\u015bnie jest przytulna i komfortowa.<\/p>\n<p><a href=\"https:\/\/www.domywstylu.pl\/projekt-domu-ariel_4.php\"><img loading=\"lazy\" decoding=\"async\" class=\"aligncenter wp-image-13739 size-full\" src=\"https:\/\/www.domywstylu.pl\/blog\/wp-content\/uploads\/2023\/03\/image_realizacje6.jpg\" alt=\"Zdj\u0119cie z realizacji projektu Ariel 4\" width=\"450\" height=\"450\" srcset=\"https:\/\/www.domywstylu.pl\/blog\/wp-content\/uploads\/2023\/03\/image_realizacje6.jpg 450w, https:\/\/www.domywstylu.pl\/blog\/wp-content\/uploads\/2023\/03\/image_realizacje6-150x150.jpg 150w, https:\/\/www.domywstylu.pl\/blog\/wp-content\/uploads\/2023\/03\/image_realizacje6-300x300.jpg 300w, https:\/\/www.domywstylu.pl\/blog\/wp-content\/uploads\/2023\/03\/image_realizacje6-75x75.jpg 75w\" sizes=\"auto, (max-width: 450px) 100vw, 450px\" \/><\/a><\/p>\n<p><a href=\"https:\/\/www.domywstylu.pl\/projekt-domu-ariel_4.php\"><img loading=\"lazy\" decoding=\"async\" class=\"aligncenter wp-image-13740 size-full\" src=\"https:\/\/www.domywstylu.pl\/blog\/wp-content\/uploads\/2023\/03\/image_realizacje7.jpg\" alt=\"Zdj\u0119cie z realizacji projektu Ariel 4\" width=\"450\" height=\"450\" srcset=\"https:\/\/www.domywstylu.pl\/blog\/wp-content\/uploads\/2023\/03\/image_realizacje7.jpg 450w, https:\/\/www.domywstylu.pl\/blog\/wp-content\/uploads\/2023\/03\/image_realizacje7-150x150.jpg 150w, https:\/\/www.domywstylu.pl\/blog\/wp-content\/uploads\/2023\/03\/image_realizacje7-300x300.jpg 300w, https:\/\/www.domywstylu.pl\/blog\/wp-content\/uploads\/2023\/03\/image_realizacje7-75x75.jpg 75w\" sizes=\"auto, (max-width: 450px) 100vw, 450px\" \/><\/a><\/p>\n<p>&nbsp;<\/p>\n<h2>Nies\u0142abn\u0105ca popularno\u015b\u0107 projekt\u00f3w dom\u00f3w parterowych<\/h2>\n<p><span style=\"text-decoration: underline; color: #0000ff;\"><a style=\"color: #0000ff; text-decoration: underline;\" href=\"https:\/\/www.domywstylu.pl\/domy-parterowe\/\">Projekty dom\u00f3w parterowych<\/a><\/span> od wielu lat ciesz\u0105 si\u0119 nies\u0142abn\u0105c\u0105 popularno\u015bci\u0105. Powod\u00f3w ich popularno\u015bci jest naprawd\u0119 wiele. Roz\u0142o\u017cenie uk\u0142adu funkcjonalnego na jednym poziomie, a co za tym idzie brak schod\u00f3w to g\u0142\u00f3wna zaleta parter\u00f3wek.<\/p>\n<p>Domy parterowe s\u0105 najcz\u0119\u015bciej wybierane w\u0142a\u015bnie przez osoby maj\u0105ce trudno\u015bci z poruszaniem si\u0119 po schodach oraz osoby z niepe\u0142nosprawno\u015bciami, kt\u00f3re potrzebuj\u0105 \u0142atwego dost\u0119pu do wszystkich pomieszcze\u0144 w domu. Dom parterowy to r\u00f3wnie\u017c wygoda dla rodzin z ma\u0142ymi dzie\u0107mi. Brak schod\u00f3w oraz szybki dost\u0119p do ogrodu nie tylko zwi\u0119kszaj\u0105 bezpiecze\u0144stwo, ale r\u00f3wnie\u017c u\u0142atwiaj\u0105 opiek\u0119 nad dzie\u0107mi.<\/p>\n<p>&nbsp;<\/p>\n","protected":false},"excerpt":{"rendered":"<p>Z wielk\u0105 przyjemno\u015bci\u0105 przedstawiamy najnowsz\u0105 realizacj\u0119 projektu Ariel 4 ? Dom prezentuje si\u0119 naprawd\u0119 pi\u0119knie i ju\u017c od pierwszego spojrzenia przyci\u0105ga uwag\u0119.\u00a0Staramy si\u0119 \u015bledzi\u0107 realizacje naszych projekt\u00f3w i z dum\u0105 prezentowa\u0107 kolejne zdj\u0119cia otrzymane od inwestor\u00f3w. &nbsp; Przepi\u0119kna realizacja projektu Ariel 4 Inwestorzy zdecydowali si\u0119 na elewacj\u0119 wyko\u0144czon\u0105 bia\u0142ym tynkiem i drewnian\u0105 szal\u00f3wk\u0105. Z ca\u0142\u0105 pewno\u015bci\u0105 jest to bardzo elegancki i klasyczny wyb\u00f3r. Taki styl elewacji z pewno\u015bci\u0105 wpisze si\u0119 w ka\u017cdy krajobraz, zar\u00f3wno ten miejski, jak i wiejski. Bia\u0142y tynk jest nie tylko pi\u0119kny, ale r\u00f3wnie\u017c funkcjonalny. Jest odporny na r\u00f3\u017cne czynniki atmosferycznymi, takie jak deszcz, wiatr czy promienie s\u0142oneczne. Jasny kolor elewacji dodatkowo wprowadza do otoczenia du\u017co \u015bwiat\u0142a, co jest bardzo pozytywne zw\u0142aszcza w okresie zimowym. Po\u0142\u0105czenie szal\u00f3wki z bia\u0142ym tynkiem by\u0142 strza\u0142em w dziesi\u0105tk\u0119. Drewniana szal\u00f3wka to materia\u0142, kt\u00f3ry wspaniale komponuje si\u0119 z bia\u0142ym tynkiem. To bardzo stylowy wyb\u00f3r, kt\u00f3ry pasuje do wielu styl\u00f3w architektonicznych. Bia\u0142y tynk w po\u0142\u0105czeniu z szal\u00f3wk\u0105 daje gwarancj\u0119 trwa\u0142o\u015bci elewacji, a jednocze\u015bnie stanowi bardzo estetyczne rozwi\u0105zanie. Inwestorzy zdecydowali si\u0119 na nowoczesny wystr\u00f3j wn\u0119trza z u\u017cyciem drewna oraz element\u00f3w ceg\u0142y. We wn\u0119trzu pojawi\u0142y si\u0119 kolory bieli i szaro\u015bci. Zestawienie minimalistycznego stylu z naturalnymi materia\u0142ami, z ca\u0142\u0105 pewno\u015bci\u0105 nadaj\u0105 mu przytulno\u015bci i charakteru.\u00a0Ceg\u0142a to kolejny materia\u0142, kt\u00f3ry \u015bwietnie wpisuje si\u0119 w nowoczesny styl. W tym przypadku zosta\u0142a wykorzystana do wyko\u0144czenia \u015bciany w salonie. Ceg\u0142a w kolorze ceglastym idealnie komponuje si\u0119 z drewnem ocieplaj\u0105c nowoczesny wystr\u00f3j. Drewno we wn\u0119trzu mo\u017ce zosta\u0107 u\u017cyte w najr\u00f3\u017cniejszych formach. W tym przypadku pojawi\u0142o si\u0119 na pod\u0142odze, na \u015bcianach, w postaci mebli i element\u00f3w dekoracyjnych. W po\u0142\u0105czeniu z jasnymi kolorami bieli i szaro\u015bci tworzy niezwykle sp\u00f3jn\u0105 ca\u0142o\u015b\u0107. Inwestorzy wybrali drewno w bia\u0142ym i orzechowym kolorze, co idealnie komponuje si\u0119 z pozosta\u0142ymi elementami wystroju. Z ca\u0142\u0105 pewno\u015bci\u0105 kolory bieli i szaro\u015bci s\u0105 idealnym wyborem w przypadku nowoczesnego wn\u0119trza. Biel wprowadza do wn\u0119trza \u015bwiat\u0142o, a szaro\u015b\u0107 dodaje elegancji i podkre\u015bla charakter wn\u0119trza. Biele i szaro\u015bci mo\u017cna wykorzysta\u0107 zar\u00f3wno na \u015bcianach, jak r\u00f3wnie\u017c wybieraj\u0105c meble oraz dodatki. Pami\u0119tajmy, \u017ce monochromatyczna paleta barw nie musi by\u0107 nudna. \u00a0Wystarczy, \u017ce dodamy kilka kolorowych akcent\u00f3w, a nasz wyst\u00f3j zyska zupe\u0142nie nowe spojrzenie. Nowoczesny wystr\u00f3j wn\u0119trza, w kt\u00f3rym pojawia si\u0119 drewno, ceg\u0142a, odcienie bieli i szaro\u015bci to po\u0142\u0105czenie prostoty, naturalno\u015bci oraz elegancji. Aran\u017cacja wn\u0119trza w tym stylu nabiera wyj\u0105tkowego charakteru, a jednocze\u015bnie jest przytulna i komfortowa. &nbsp; Nies\u0142abn\u0105ca popularno\u015b\u0107 projekt\u00f3w dom\u00f3w parterowych Projekty dom\u00f3w parterowych od wielu lat ciesz\u0105 si\u0119 nies\u0142abn\u0105c\u0105 popularno\u015bci\u0105. Powod\u00f3w ich popularno\u015bci jest naprawd\u0119 wiele. Roz\u0142o\u017cenie uk\u0142adu funkcjonalnego na jednym poziomie, a co za tym idzie brak schod\u00f3w to g\u0142\u00f3wna zaleta parter\u00f3wek. Domy parterowe s\u0105 najcz\u0119\u015bciej wybierane w\u0142a\u015bnie przez osoby maj\u0105ce trudno\u015bci z poruszaniem si\u0119 po schodach oraz osoby z niepe\u0142nosprawno\u015bciami, kt\u00f3re potrzebuj\u0105 \u0142atwego dost\u0119pu do wszystkich pomieszcze\u0144 w domu. Dom parterowy to r\u00f3wnie\u017c wygoda dla rodzin z ma\u0142ymi dzie\u0107mi. Brak schod\u00f3w oraz szybki dost\u0119p do ogrodu nie tylko zwi\u0119kszaj\u0105 bezpiecze\u0144stwo, ale r\u00f3wnie\u017c u\u0142atwiaj\u0105 opiek\u0119 nad dzie\u0107mi. &nbsp;<\/p>\n","protected":false},"author":1,"featured_media":13734,"comment_status":"open","ping_status":"open","sticky":false,"template":"","format":"standard","meta":{"footnotes":""},"categories":[6],"tags":[],"class_list":["post-13742","post","type-post","status-publish","format-standard","has-post-thumbnail","hentry","category-foto-reportaze"],"_links":{"self":[{"href":"https:\/\/www.domywstylu.pl\/blog\/wp-json\/wp\/v2\/posts\/13742","targetHints":{"allow":["GET"]}}],"collection":[{"href":"https:\/\/www.domywstylu.pl\/blog\/wp-json\/wp\/v2\/posts"}],"about":[{"href":"https:\/\/www.domywstylu.pl\/blog\/wp-json\/wp\/v2\/types\/post"}],"author":[{"embeddable":true,"href":"https:\/\/www.domywstylu.pl\/blog\/wp-json\/wp\/v2\/users\/1"}],"replies":[{"embeddable":true,"href":"https:\/\/www.domywstylu.pl\/blog\/wp-json\/wp\/v2\/comments?post=13742"}],"version-history":[{"count":7,"href":"https:\/\/www.domywstylu.pl\/blog\/wp-json\/wp\/v2\/posts\/13742\/revisions"}],"predecessor-version":[{"id":13791,"href":"https:\/\/www.domywstylu.pl\/blog\/wp-json\/wp\/v2\/posts\/13742\/revisions\/13791"}],"wp:featuredmedia":[{"embeddable":true,"href":"https:\/\/www.domywstylu.pl\/blog\/wp-json\/wp\/v2\/media\/13734"}],"wp:attachment":[{"href":"https:\/\/www.domywstylu.pl\/blog\/wp-json\/wp\/v2\/media?parent=13742"}],"wp:term":[{"taxonomy":"category","embeddable":true,"href":"https:\/\/www.domywstylu.pl\/blog\/wp-json\/wp\/v2\/categories?post=13742"},{"taxonomy":"post_tag","embeddable":true,"href":"https:\/\/www.domywstylu.pl\/blog\/wp-json\/wp\/v2\/tags?post=13742"}],"curies":[{"name":"wp","href":"https:\/\/api.w.org\/{rel}","templated":true}]}}