{"id":13795,"date":"2023-04-13T10:56:33","date_gmt":"2023-04-13T08:56:33","guid":{"rendered":"https:\/\/www.domywstylu.pl\/blog\/?p=13795"},"modified":"2025-04-22T14:50:23","modified_gmt":"2025-04-22T12:50:23","slug":"poddasze-uzytkowe-jak-je-najlepiej-wygospodarowac","status":"publish","type":"post","link":"https:\/\/www.domywstylu.pl\/blog\/2023\/04\/13\/poddasze-uzytkowe-jak-je-najlepiej-wygospodarowac\/","title":{"rendered":"Poddasze u\u017cytkowe \u2014 jak je najlepiej wygospodarowa\u0107?"},"content":{"rendered":"<p>W poddaszu u\u017cytkowym drzemie niesamowity potencja\u0142 na zagospodarowanie przestrzeni. Nale\u017cy t\u0119 przestrze\u0144 jedynie odpowiednio wygospodarowa\u0107, by u\u017cyteczno\u015b\u0107 tego miejsca zosta\u0142a wykorzystana w 100%. Przede wszystkim trzeba zda\u0107 sobie spraw\u0119 z tego czego potrzebujemy. Mamy nieograniczone mo\u017cliwo\u015bci. Szukasz pomys\u0142\u00f3w na zagospodarowanie poddasza u\u017cytkowego? Skorzystaj z naszych pomys\u0142\u00f3w.<\/p>\n<p><a href=\"https:\/\/www.domywstylu.pl\/projekt-domu-piko.php\"><img loading=\"lazy\" decoding=\"async\" class=\"aligncenter wp-image-13797 size-large\" src=\"https:\/\/www.domywstylu.pl\/blog\/wp-content\/uploads\/2023\/04\/piko_w1-1024x768.jpg\" alt=\"Projekt domu Piko\" width=\"960\" height=\"720\" srcset=\"https:\/\/www.domywstylu.pl\/blog\/wp-content\/uploads\/2023\/04\/piko_w1.jpg 1024w, https:\/\/www.domywstylu.pl\/blog\/wp-content\/uploads\/2023\/04\/piko_w1-300x225.jpg 300w, https:\/\/www.domywstylu.pl\/blog\/wp-content\/uploads\/2023\/04\/piko_w1-768x576.jpg 768w\" sizes=\"auto, (max-width: 960px) 100vw, 960px\" \/><\/a><\/p>\n<p>&nbsp;<\/p>\n<h2>Od czego zacz\u0105\u0107 planowanie poddasza?<\/h2>\n<p>Zagospodarowanie poddasza nale\u017cy zacz\u0105\u0107 od dok\u0142adnego okre\u015blenia jego powierzchni. Pami\u0119tajmy, \u017ce powierzchnia po pod\u0142odze r\u00f3\u017cni si\u0119 od powierzchni u\u017cytkowej podawanej w projektach. Musimy mie\u0107 pewno\u015b\u0107, \u017ce przestrze\u0144 b\u0119dzie nadawa\u0142a si\u0119 do komfortowego u\u017cytkowania. Najlepiej okre\u015bli\u0107 powierzchni\u0119 po pod\u0142odze ka\u017cdego pomieszczenia na poddaszu. Kolejny etap to okre\u015blenie czego oczekujemy od poddasza, jakich pomieszcze\u0144 brakuje nam w domu i na czym chcemy skupi\u0107 nasz\u0105 szczeg\u00f3ln\u0105 uwag\u0119. Wa\u017cne b\u0119dzie ustalenie funkcji ka\u017cdego pomieszczenia. Najlepiej jest si\u0119 zastanowi\u0107 nad tym, jakich funkcji brakuje w naszym domu i stworzy\u0107 je (przyk\u0142adowo pralnia lub si\u0142ownia).<\/p>\n<p><a href=\"https:\/\/www.domywstylu.pl\/projekt-domu-duo.php\"><img loading=\"lazy\" decoding=\"async\" class=\"aligncenter wp-image-13798 size-large\" src=\"https:\/\/www.domywstylu.pl\/blog\/wp-content\/uploads\/2023\/04\/duo_w1-1024x768.jpg\" alt=\"Projekt domu Duo\" width=\"960\" height=\"720\" srcset=\"https:\/\/www.domywstylu.pl\/blog\/wp-content\/uploads\/2023\/04\/duo_w1.jpg 1024w, https:\/\/www.domywstylu.pl\/blog\/wp-content\/uploads\/2023\/04\/duo_w1-300x225.jpg 300w, https:\/\/www.domywstylu.pl\/blog\/wp-content\/uploads\/2023\/04\/duo_w1-768x576.jpg 768w\" sizes=\"auto, (max-width: 960px) 100vw, 960px\" \/><\/a><\/p>\n<p>&nbsp;<\/p>\n<p><b>Pralnia na poddaszu \u2014 czy to dobre rozwi\u0105zanie?<\/b><\/p>\n<p>Pralnia to pomieszczenie, na kt\u00f3re niekoniecznie zawsze znajdzie si\u0119 miejsce w domu, zw\u0142aszcza obok \u0142azienki. Dlatego te\u017c poddasze u\u017cytkowe dzi\u0119ki swojej powierzchni to wr\u0119cz idealna przestrze\u0144 na zdecydowanie si\u0119 w\u0142a\u015bnie na stworzenie pralni \u2014 miejsca gdzie b\u0119dziemy mogli w spokoju wypra\u0107 ubrania i gdzie pranie b\u0119dzie r\u00f3wnie\u017c sch\u0142o.<\/p>\n<p><a href=\"https:\/\/www.domywstylu.pl\/projekt-domu-marcepan.php\"><img loading=\"lazy\" decoding=\"async\" class=\"aligncenter wp-image-13799 size-large\" src=\"https:\/\/www.domywstylu.pl\/blog\/wp-content\/uploads\/2023\/04\/marcepan_w1-1024x768.jpg\" alt=\"Projekt domu Marcepan\" width=\"960\" height=\"720\" srcset=\"https:\/\/www.domywstylu.pl\/blog\/wp-content\/uploads\/2023\/04\/marcepan_w1.jpg 1024w, https:\/\/www.domywstylu.pl\/blog\/wp-content\/uploads\/2023\/04\/marcepan_w1-300x225.jpg 300w, https:\/\/www.domywstylu.pl\/blog\/wp-content\/uploads\/2023\/04\/marcepan_w1-768x576.jpg 768w\" sizes=\"auto, (max-width: 960px) 100vw, 960px\" \/><\/a><\/p>\n<p>&nbsp;<\/p>\n<p><b>Biuro na poddaszu<\/b><\/p>\n<p>Poza sypialniami i przestrzeni\u0105 wsp\u00f3ln\u0105 poddasze to r\u00f3wnie\u017c doskona\u0142e miejsce na gabinet. Dlaczego jest to tak dobre miejsce w\u0142a\u015bnie na biuro? Z prostego powodu. Przede wszystkim na poddaszu jest niezwykle du\u017co miejsca, a g\u00f3rne pi\u0119tro skutecznie odizolowane jest od g\u0142o\u015bnych, rozpraszaj\u0105cych podczas pracowania d\u017awi\u0119k\u00f3w z innych cz\u0119\u015bci naszego domu, dzi\u0119ki czemu mo\u017cna w pe\u0142ni skupi\u0107 si\u0119 na wykonywaniu swojej pracy.<\/p>\n<p><a href=\"https:\/\/www.domywstylu.pl\/projekt-domu-iko.php\"><img loading=\"lazy\" decoding=\"async\" class=\"aligncenter wp-image-13800 size-large\" src=\"https:\/\/www.domywstylu.pl\/blog\/wp-content\/uploads\/2023\/04\/iko_w1-1024x768.jpg\" alt=\"Projekt domu Iko\" width=\"960\" height=\"720\" srcset=\"https:\/\/www.domywstylu.pl\/blog\/wp-content\/uploads\/2023\/04\/iko_w1.jpg 1024w, https:\/\/www.domywstylu.pl\/blog\/wp-content\/uploads\/2023\/04\/iko_w1-300x225.jpg 300w, https:\/\/www.domywstylu.pl\/blog\/wp-content\/uploads\/2023\/04\/iko_w1-768x576.jpg 768w\" sizes=\"auto, (max-width: 960px) 100vw, 960px\" \/><\/a><\/p>\n<p>&nbsp;<\/p>\n<h2>Dom dla du\u017cej rodziny, czyli maksymalnie wykorzystane poddasze<\/h2>\n<p>Aby du\u017ca rodzina w pe\u0142ni czu\u0142a si\u0119 komfortowo w nowym domu, nale\u017cy ka\u017cdemu z domownik\u00f3w zapewni\u0107 indywidualn\u0105, prywatn\u0105 przestrze\u0144 w postaci np. sypialni, czyli miejsca, w kt\u00f3rym b\u0119dzie mo\u017cna spokojnie si\u0119 uczy\u0107, pracowa\u0107, sp\u0119dza\u0107 czas i pozosta\u0107 z w\u0142asnymi my\u015blami sam na sam. Jednak\u017ce nie zawsze w projekcie domu jest miejsce na zaplanowanie sypialni dla ka\u017cdego domownika, zw\u0142aszcza je\u015bli m\u00f3wimy o naprawd\u0119 du\u017cej rodzinie. Z pomoc\u0105 przychodzi zatem poddasze u\u017cytkowe, kt\u00f3re jest wr\u0119cz doskona\u0142ym miejscem na dodatkowe sypialnie. Trzeba jedynie pami\u0119ta\u0107 o stworzeniu dodatkowej, funkcjonalnej \u0142azienki, by mieszkanie na poddaszu by\u0142o dla ka\u017cdej osoby w pe\u0142ni komfortowe.<\/p>\n<p><a href=\"https:\/\/www.domywstylu.pl\/projekt-domu-platan_2.php\"><img loading=\"lazy\" decoding=\"async\" class=\"aligncenter wp-image-13804 size-large\" src=\"https:\/\/www.domywstylu.pl\/blog\/wp-content\/uploads\/2023\/04\/platan_2_w1-1024x768.jpg\" alt=\"Projekt domu Platan 2\" width=\"960\" height=\"720\" srcset=\"https:\/\/www.domywstylu.pl\/blog\/wp-content\/uploads\/2023\/04\/platan_2_w1.jpg 1024w, https:\/\/www.domywstylu.pl\/blog\/wp-content\/uploads\/2023\/04\/platan_2_w1-300x225.jpg 300w, https:\/\/www.domywstylu.pl\/blog\/wp-content\/uploads\/2023\/04\/platan_2_w1-768x576.jpg 768w\" sizes=\"auto, (max-width: 960px) 100vw, 960px\" \/><\/a>Poza wygospodarowaniem miejsca na pokoje sypialniane i \u0142azienk\u0119 nie nale\u017cy zapomnie\u0107 te\u017c o miejscu na przestrze\u0144 wsp\u00f3ln\u0105. Mo\u017ce by\u0107 to otwarta przestrze\u0144 z kanapami i sto\u0142em do bilarda, albo k\u0105cik filmowy z rzutnikiem i wygodnymi, du\u017cymi pufami. Mo\u017cliwo\u015bci jest wiele. Miejsce, w kt\u00f3rym b\u0119dzie mo\u017cna sp\u0119dza\u0107 mi\u0142y czas z rodzin\u0105 jest niezwykle wa\u017cne, gdy chcemy budowa\u0107 szcz\u0119\u015bliwe, \u017cyczliwe i za\u017cy\u0142e relacje mi\u0119dzy sob\u0105.<\/p>\n<p><a href=\"https:\/\/www.domywstylu.pl\/projekt-domu-pestka.php\"><img loading=\"lazy\" decoding=\"async\" class=\"aligncenter wp-image-13801 size-large\" src=\"https:\/\/www.domywstylu.pl\/blog\/wp-content\/uploads\/2023\/04\/pestka_w1-1024x768.jpg\" alt=\"Projekt domu Pestka\" width=\"960\" height=\"720\" srcset=\"https:\/\/www.domywstylu.pl\/blog\/wp-content\/uploads\/2023\/04\/pestka_w1.jpg 1024w, https:\/\/www.domywstylu.pl\/blog\/wp-content\/uploads\/2023\/04\/pestka_w1-300x225.jpg 300w, https:\/\/www.domywstylu.pl\/blog\/wp-content\/uploads\/2023\/04\/pestka_w1-768x576.jpg 768w\" sizes=\"auto, (max-width: 960px) 100vw, 960px\" \/><\/a><\/p>\n<p>&nbsp;<\/p>\n<p>Wi\u0119cej projekt\u00f3w z u\u017cytkowym poddaszem na stronie &#8211;\u00a0<span style=\"text-decoration: underline; color: #0000ff;\"><a style=\"color: #0000ff; text-decoration: underline;\" href=\"https:\/\/www.domywstylu.pl\/projekty-domow-z-uzytkowym-poddaszem\/\">www.domywstylu.pl\/projekty-z-poddaszem<\/a><\/span><\/p>\n","protected":false},"excerpt":{"rendered":"<p>W poddaszu u\u017cytkowym drzemie niesamowity potencja\u0142 na zagospodarowanie przestrzeni. Nale\u017cy t\u0119 przestrze\u0144 jedynie odpowiednio wygospodarowa\u0107, by u\u017cyteczno\u015b\u0107 tego miejsca zosta\u0142a wykorzystana w 100%. Przede wszystkim trzeba zda\u0107 sobie spraw\u0119 z tego czego potrzebujemy. Mamy nieograniczone mo\u017cliwo\u015bci. Szukasz pomys\u0142\u00f3w na zagospodarowanie poddasza u\u017cytkowego? Skorzystaj z naszych pomys\u0142\u00f3w. &nbsp; Od czego zacz\u0105\u0107 planowanie poddasza? Zagospodarowanie poddasza nale\u017cy zacz\u0105\u0107 od dok\u0142adnego okre\u015blenia jego powierzchni. Pami\u0119tajmy, \u017ce powierzchnia po pod\u0142odze r\u00f3\u017cni si\u0119 od powierzchni u\u017cytkowej podawanej w projektach. Musimy mie\u0107 pewno\u015b\u0107, \u017ce przestrze\u0144 b\u0119dzie nadawa\u0142a si\u0119 do komfortowego u\u017cytkowania. Najlepiej okre\u015bli\u0107 powierzchni\u0119 po pod\u0142odze ka\u017cdego pomieszczenia na poddaszu. Kolejny etap to okre\u015blenie czego oczekujemy od poddasza, jakich pomieszcze\u0144 brakuje nam w domu i na czym chcemy skupi\u0107 nasz\u0105 szczeg\u00f3ln\u0105 uwag\u0119. Wa\u017cne b\u0119dzie ustalenie funkcji ka\u017cdego pomieszczenia. Najlepiej jest si\u0119 zastanowi\u0107 nad tym, jakich funkcji brakuje w naszym domu i stworzy\u0107 je (przyk\u0142adowo pralnia lub si\u0142ownia). &nbsp; Pralnia na poddaszu \u2014 czy to dobre rozwi\u0105zanie? Pralnia to pomieszczenie, na kt\u00f3re niekoniecznie zawsze znajdzie si\u0119 miejsce w domu, zw\u0142aszcza obok \u0142azienki. Dlatego te\u017c poddasze u\u017cytkowe dzi\u0119ki swojej powierzchni to wr\u0119cz idealna przestrze\u0144 na zdecydowanie si\u0119 w\u0142a\u015bnie na stworzenie pralni \u2014 miejsca gdzie b\u0119dziemy mogli w spokoju wypra\u0107 ubrania i gdzie pranie b\u0119dzie r\u00f3wnie\u017c sch\u0142o. &nbsp; Biuro na poddaszu Poza sypialniami i przestrzeni\u0105 wsp\u00f3ln\u0105 poddasze to r\u00f3wnie\u017c doskona\u0142e miejsce na gabinet. Dlaczego jest to tak dobre miejsce w\u0142a\u015bnie na biuro? Z prostego powodu. Przede wszystkim na poddaszu jest niezwykle du\u017co miejsca, a g\u00f3rne pi\u0119tro skutecznie odizolowane jest od g\u0142o\u015bnych, rozpraszaj\u0105cych podczas pracowania d\u017awi\u0119k\u00f3w z innych cz\u0119\u015bci naszego domu, dzi\u0119ki czemu mo\u017cna w pe\u0142ni skupi\u0107 si\u0119 na wykonywaniu swojej pracy. &nbsp; Dom dla du\u017cej rodziny, czyli maksymalnie wykorzystane poddasze Aby du\u017ca rodzina w pe\u0142ni czu\u0142a si\u0119 komfortowo w nowym domu, nale\u017cy ka\u017cdemu z domownik\u00f3w zapewni\u0107 indywidualn\u0105, prywatn\u0105 przestrze\u0144 w postaci np. sypialni, czyli miejsca, w kt\u00f3rym b\u0119dzie mo\u017cna spokojnie si\u0119 uczy\u0107, pracowa\u0107, sp\u0119dza\u0107 czas i pozosta\u0107 z w\u0142asnymi my\u015blami sam na sam. Jednak\u017ce nie zawsze w projekcie domu jest miejsce na zaplanowanie sypialni dla ka\u017cdego domownika, zw\u0142aszcza je\u015bli m\u00f3wimy o naprawd\u0119 du\u017cej rodzinie. Z pomoc\u0105 przychodzi zatem poddasze u\u017cytkowe, kt\u00f3re jest wr\u0119cz doskona\u0142ym miejscem na dodatkowe sypialnie. Trzeba jedynie pami\u0119ta\u0107 o stworzeniu dodatkowej, funkcjonalnej \u0142azienki, by mieszkanie na poddaszu by\u0142o dla ka\u017cdej osoby w pe\u0142ni komfortowe. Poza wygospodarowaniem miejsca na pokoje sypialniane i \u0142azienk\u0119 nie nale\u017cy zapomnie\u0107 te\u017c o miejscu na przestrze\u0144 wsp\u00f3ln\u0105. Mo\u017ce by\u0107 to otwarta przestrze\u0144 z kanapami i sto\u0142em do bilarda, albo k\u0105cik filmowy z rzutnikiem i wygodnymi, du\u017cymi pufami. Mo\u017cliwo\u015bci jest wiele. Miejsce, w kt\u00f3rym b\u0119dzie mo\u017cna sp\u0119dza\u0107 mi\u0142y czas z rodzin\u0105 jest niezwykle wa\u017cne, gdy chcemy budowa\u0107 szcz\u0119\u015bliwe, \u017cyczliwe i za\u017cy\u0142e relacje mi\u0119dzy sob\u0105. &nbsp; Wi\u0119cej projekt\u00f3w z u\u017cytkowym poddaszem na stronie &#8211;\u00a0www.domywstylu.pl\/projekty-z-poddaszem<\/p>\n","protected":false},"author":1,"featured_media":13796,"comment_status":"open","ping_status":"open","sticky":false,"template":"","format":"standard","meta":{"footnotes":""},"categories":[3,94],"tags":[],"class_list":["post-13795","post","type-post","status-publish","format-standard","has-post-thumbnail","hentry","category-rady-architektow","category-inspiracje"],"_links":{"self":[{"href":"https:\/\/www.domywstylu.pl\/blog\/wp-json\/wp\/v2\/posts\/13795","targetHints":{"allow":["GET"]}}],"collection":[{"href":"https:\/\/www.domywstylu.pl\/blog\/wp-json\/wp\/v2\/posts"}],"about":[{"href":"https:\/\/www.domywstylu.pl\/blog\/wp-json\/wp\/v2\/types\/post"}],"author":[{"embeddable":true,"href":"https:\/\/www.domywstylu.pl\/blog\/wp-json\/wp\/v2\/users\/1"}],"replies":[{"embeddable":true,"href":"https:\/\/www.domywstylu.pl\/blog\/wp-json\/wp\/v2\/comments?post=13795"}],"version-history":[{"count":7,"href":"https:\/\/www.domywstylu.pl\/blog\/wp-json\/wp\/v2\/posts\/13795\/revisions"}],"predecessor-version":[{"id":13809,"href":"https:\/\/www.domywstylu.pl\/blog\/wp-json\/wp\/v2\/posts\/13795\/revisions\/13809"}],"wp:featuredmedia":[{"embeddable":true,"href":"https:\/\/www.domywstylu.pl\/blog\/wp-json\/wp\/v2\/media\/13796"}],"wp:attachment":[{"href":"https:\/\/www.domywstylu.pl\/blog\/wp-json\/wp\/v2\/media?parent=13795"}],"wp:term":[{"taxonomy":"category","embeddable":true,"href":"https:\/\/www.domywstylu.pl\/blog\/wp-json\/wp\/v2\/categories?post=13795"},{"taxonomy":"post_tag","embeddable":true,"href":"https:\/\/www.domywstylu.pl\/blog\/wp-json\/wp\/v2\/tags?post=13795"}],"curies":[{"name":"wp","href":"https:\/\/api.w.org\/{rel}","templated":true}]}}