{"id":13811,"date":"2023-04-21T11:29:38","date_gmt":"2023-04-21T09:29:38","guid":{"rendered":"https:\/\/www.domywstylu.pl\/blog\/?p=13811"},"modified":"2023-04-21T11:29:38","modified_gmt":"2023-04-21T09:29:38","slug":"nowosc-w-ofercie-projekt-domu-mokosz","status":"publish","type":"post","link":"https:\/\/www.domywstylu.pl\/blog\/2023\/04\/21\/nowosc-w-ofercie-projekt-domu-mokosz\/","title":{"rendered":"NOWO\u015a\u0106 w ofercie &#8211; Projekt domu Mokosz"},"content":{"rendered":"<p>Mokosz to nowoczesna parter\u00f3wka, kt\u00f3rej powierzchnia u\u017cytkowa to 150 m2. Koncepcj\u0105 autora by\u0142o po\u0142\u0105czenie kilku bry\u0142 w nieregularny spos\u00f3b tworz\u0105c jedn\u0105 funkcjonalna ca\u0142o\u015b\u0107. Mokosz jest propozycj\u0105 dla inwestor\u00f3w szukaj\u0105cych oryginalnego i funkcjonalnego projektu. Zabieg po\u0142\u0105czenia kilku bry\u0142 daje nie tylko poczucie przestrzeni, a r\u00f3wnie\u017c umo\u017cliwia wyra\u017any podzia\u0142 na poszczeg\u00f3lne strefy u\u017cytkowe.<\/p>\n<p><a href=\"https:\/\/www.domywstylu.pl\/projekt-domu-mokosz.php\"><img loading=\"lazy\" decoding=\"async\" class=\"aligncenter wp-image-13815 size-large\" src=\"https:\/\/www.domywstylu.pl\/blog\/wp-content\/uploads\/2023\/04\/mokosz_w4-1024x768.jpg\" alt=\"Projekt domu Mokosz\" width=\"960\" height=\"720\" srcset=\"https:\/\/www.domywstylu.pl\/blog\/wp-content\/uploads\/2023\/04\/mokosz_w4.jpg 1024w, https:\/\/www.domywstylu.pl\/blog\/wp-content\/uploads\/2023\/04\/mokosz_w4-300x225.jpg 300w, https:\/\/www.domywstylu.pl\/blog\/wp-content\/uploads\/2023\/04\/mokosz_w4-768x576.jpg 768w\" sizes=\"auto, (max-width: 960px) 100vw, 960px\" \/><\/a><\/p>\n<p>Ka\u017cda bry\u0142a stanowi oddzieln\u0105 stref\u0119 u\u017cytkow\u0105 co zapewnia du\u017cy komfort u\u017cytkowania oraz daje du\u017c\u0105 swobod\u0119 w aran\u017cacji przestrzeni. Projekt domu Mokosz z ca\u0142\u0105 pewno\u015bci\u0105 zapewnieni mieszka\u0144com du\u017c\u0105 wygod\u0119 funkcjonowania. Ka\u017cdy z mieszka\u0144c\u00f3w odnajdzie prywatn\u0105 przestrze\u0144 dla siebie. Mokosz to projekt idealny dla 4-osobowej rodziny.<\/p>\n<p><a href=\"https:\/\/www.domywstylu.pl\/projekt-domu-mokosz.php\"><img loading=\"lazy\" decoding=\"async\" class=\"aligncenter wp-image-13814 size-large\" src=\"https:\/\/www.domywstylu.pl\/blog\/wp-content\/uploads\/2023\/04\/mokosz_w3-1024x768.jpg\" alt=\"Projekt domu Mokosz\" width=\"960\" height=\"720\" srcset=\"https:\/\/www.domywstylu.pl\/blog\/wp-content\/uploads\/2023\/04\/mokosz_w3.jpg 1024w, https:\/\/www.domywstylu.pl\/blog\/wp-content\/uploads\/2023\/04\/mokosz_w3-300x225.jpg 300w, https:\/\/www.domywstylu.pl\/blog\/wp-content\/uploads\/2023\/04\/mokosz_w3-768x576.jpg 768w\" sizes=\"auto, (max-width: 960px) 100vw, 960px\" \/><\/a><\/p>\n<p>&nbsp;<\/p>\n<h2>Dom w zgodzie z natur\u0105<\/h2>\n<p>Mokosz utrzymany zosta\u0142 w nowoczesnym stylu. Elewacja wyko\u0144czona zosta\u0142a drewnian\u0105 szal\u00f3wk\u0105 w kolorze naturalnego drewna. Szal\u00f3wka pojawi\u0142a si\u0119 na ca\u0142ym budynku pi\u0119knie wpisuj\u0105c go w naturalny krajobraz. Szal\u00f3wka w kolorze naturalnego drewna nie tylko ociepla budynek, ale nadaje mu r\u00f3wnie\u017c charakteru. Szal\u00f3wka to z ca\u0142\u0105 pewno\u015bci\u0105 elegancki i naturalny materia\u0142, kt\u00f3ry b\u0119dzie si\u0119 pi\u0119knie prezentowa\u0142 nie tylko w naturalnym krajobrazie, ale r\u00f3wnie\u017c miejskim.<\/p>\n<p><a href=\"https:\/\/www.domywstylu.pl\/projekt-domu-mokosz.php\"><img loading=\"lazy\" decoding=\"async\" class=\"aligncenter wp-image-13818 size-large\" src=\"https:\/\/www.domywstylu.pl\/blog\/wp-content\/uploads\/2023\/04\/mokosz_w7-1024x768.jpg\" alt=\"Projekt domu Mokosz\" width=\"960\" height=\"720\" srcset=\"https:\/\/www.domywstylu.pl\/blog\/wp-content\/uploads\/2023\/04\/mokosz_w7.jpg 1024w, https:\/\/www.domywstylu.pl\/blog\/wp-content\/uploads\/2023\/04\/mokosz_w7-300x225.jpg 300w, https:\/\/www.domywstylu.pl\/blog\/wp-content\/uploads\/2023\/04\/mokosz_w7-768x576.jpg 768w\" sizes=\"auto, (max-width: 960px) 100vw, 960px\" \/><\/a><\/p>\n<p>Wszyscy, kt\u00f3rzy pod\u0105rzaj\u0105 za aktualnymi trendami powinni wybra\u0107 w\u0142a\u015bnie takie wyko\u0144czenie elewacji, tym bardziej, \u017ce mo\u017ce by\u0107 ona stosowana zar\u00f3wno na nowoczesnych, jak i tradycyjnych elewacjach. Bry\u0142a budynku posiada dwuspadowy dach, kt\u00f3ry pokryto blach\u0105 na r\u0105bek stoj\u0105cy w jasnoszarym kolorze. W tym samym kolorze dobrano r\u00f3wnie\u017c stolark\u0119 okienn\u0105 i drzwiow\u0105.<\/p>\n<p><a href=\"https:\/\/www.domywstylu.pl\/projekt-domu-mokosz.php\"><img loading=\"lazy\" decoding=\"async\" class=\"aligncenter wp-image-13816 size-large\" src=\"https:\/\/www.domywstylu.pl\/blog\/wp-content\/uploads\/2023\/04\/mokosz_w5-1024x768.jpg\" alt=\"Projekt domu Mokosz\" width=\"960\" height=\"720\" srcset=\"https:\/\/www.domywstylu.pl\/blog\/wp-content\/uploads\/2023\/04\/mokosz_w5.jpg 1024w, https:\/\/www.domywstylu.pl\/blog\/wp-content\/uploads\/2023\/04\/mokosz_w5-300x225.jpg 300w, https:\/\/www.domywstylu.pl\/blog\/wp-content\/uploads\/2023\/04\/mokosz_w5-768x576.jpg 768w\" sizes=\"auto, (max-width: 960px) 100vw, 960px\" \/><\/a><\/p>\n<p>&nbsp;<\/p>\n<h2>Przejrzysty uk\u0142ad funkcjonalny<\/h2>\n<p>Projekt domu to po\u0142\u0105czenie trzech bry\u0142. Pierwsza bry\u0142a jest cz\u0119\u015bci\u0105 dzienn\u0105. Zaprojektowano tu przestronny salon z du\u017c\u0105 jadalni\u0105 oraz otwart\u0105 kuchni\u0119. Niew\u0105tpliw\u0105 zalet\u0105 tej cz\u0119\u015bci domu jest roz\u0142o\u017cysty taras okalaj\u0105cy budynek z dw\u00f3ch stron. Prowadz\u0105 na niego dwa niezale\u017cne wyj\u015bcia z salonu oraz trzecie z jadalni. Kuchnia to a\u017c 27 m2 powierzchni u\u017cytkowej. Zaprojektowano w niej wysp\u0119 kuchenn\u0105 oraz praktyczn\u0105 spi\u017carni\u0119.<\/p>\n<p><a href=\"https:\/\/www.domywstylu.pl\/projekt-domu-mokosz.php\"><img loading=\"lazy\" decoding=\"async\" class=\"aligncenter wp-image-13813 size-large\" src=\"https:\/\/www.domywstylu.pl\/blog\/wp-content\/uploads\/2023\/04\/mokosz_w2-1024x768.jpg\" alt=\"Projekt domu Mokosz\" width=\"960\" height=\"720\" srcset=\"https:\/\/www.domywstylu.pl\/blog\/wp-content\/uploads\/2023\/04\/mokosz_w2.jpg 1024w, https:\/\/www.domywstylu.pl\/blog\/wp-content\/uploads\/2023\/04\/mokosz_w2-300x225.jpg 300w, https:\/\/www.domywstylu.pl\/blog\/wp-content\/uploads\/2023\/04\/mokosz_w2-768x576.jpg 768w\" sizes=\"auto, (max-width: 960px) 100vw, 960px\" \/><\/a><\/p>\n<p>Druga bry\u0142a stanowi prywatn\u0105 stref\u0119 mieszka\u0144c\u00f3w. Pojawi\u0142y si\u0119 tu trzy wygodne sypialnie. Jedna z sypialni zaprojektowana zosta\u0142a jako apartament gospodarzy posiada bowiem prywatn\u0105 \u0142azienk\u0119 oraz garderob\u0119. Takie rozwi\u0105zanie ca\u0142\u0105 pewno\u015bci\u0105 podnosi komfort jej u\u017cytkowania. Pozosta\u0142e sypialnie posiadaj\u0105 prawie 14 m2. Bez problemu pomieszcz\u0105 wygodne \u0142\u00f3\u017cko, biurko oraz szafy. Uk\u0142ad funkcjonalny tej strefy dope\u0142nia funkcjonalny wiatro\u0142ap, w kt\u00f3rym wygospodarowano miejsce na pojemn\u0105 szaf\u0119 oraz rodzinna \u0142azienka. Opr\u00f3cz \u0142azienki mieszka\u0144cy do dyspozycji maj\u0105 WC, z kt\u00f3re b\u0119d\u0105 korzysta\u0107 r\u00f3wnie\u017c go\u015bcie. Wiatro\u0142ap posiada du\u017ce przeszklenia dzi\u0119ki czemu jest jasny i wydaje si\u0119 jeszcze bardziej przestronny.<\/p>\n<p><a href=\"https:\/\/www.domywstylu.pl\/projekt-domu-mokosz.php\"><img loading=\"lazy\" decoding=\"async\" class=\"aligncenter wp-image-13820 size-large\" src=\"https:\/\/www.domywstylu.pl\/blog\/wp-content\/uploads\/2023\/04\/image_rzut-4-1024x575.jpg\" alt=\"Projekt domu Mokosz\" width=\"960\" height=\"539\" srcset=\"https:\/\/www.domywstylu.pl\/blog\/wp-content\/uploads\/2023\/04\/image_rzut-4-1024x575.jpg 1024w, https:\/\/www.domywstylu.pl\/blog\/wp-content\/uploads\/2023\/04\/image_rzut-4-300x169.jpg 300w, https:\/\/www.domywstylu.pl\/blog\/wp-content\/uploads\/2023\/04\/image_rzut-4-768x432.jpg 768w, https:\/\/www.domywstylu.pl\/blog\/wp-content\/uploads\/2023\/04\/image_rzut-4-1140x641.jpg 1140w, https:\/\/www.domywstylu.pl\/blog\/wp-content\/uploads\/2023\/04\/image_rzut-4.jpg 1920w\" sizes=\"auto, (max-width: 960px) 100vw, 960px\" \/><\/a><\/p>\n<p>Ostatnia bry\u0142a budynku to strefa gospodarcza. Zaprojektowano tu dwustanowiskowy gara\u017c oraz dodatkow\u0105 przestrze\u0144 do przechowywania np. narz\u0119dzi i sprz\u0119tu ogrodowego. Autor projektu wygospodarowa\u0142 tu r\u00f3wnie\u017c miejsce na funkcjonaln\u0105 pralni\u0119 oraz pomieszczenie gospodarcze z miejscem na urz\u0105dzenie grzewcze.<\/p>\n<p><a href=\"https:\/\/www.domywstylu.pl\/projekt-domu-mokosz.php\"><img loading=\"lazy\" decoding=\"async\" class=\"aligncenter wp-image-13817 size-large\" src=\"https:\/\/www.domywstylu.pl\/blog\/wp-content\/uploads\/2023\/04\/mokosz_w6-1024x768.jpg\" alt=\"Projekt domu Mokosz\" width=\"960\" height=\"720\" srcset=\"https:\/\/www.domywstylu.pl\/blog\/wp-content\/uploads\/2023\/04\/mokosz_w6.jpg 1024w, https:\/\/www.domywstylu.pl\/blog\/wp-content\/uploads\/2023\/04\/mokosz_w6-300x225.jpg 300w, https:\/\/www.domywstylu.pl\/blog\/wp-content\/uploads\/2023\/04\/mokosz_w6-768x576.jpg 768w\" sizes=\"auto, (max-width: 960px) 100vw, 960px\" \/><\/a><\/p>\n<p>Szczeg\u00f3\u0142y projektu Mokosz na stronie\u00a0<a href=\"https:\/\/www.domywstylu.pl\/projekt-domu-mokosz.php\">www.domywstylu.pl\/mokosz<\/a><\/p>\n","protected":false},"excerpt":{"rendered":"<p>Mokosz to nowoczesna parter\u00f3wka, kt\u00f3rej powierzchnia u\u017cytkowa to 150 m2. Koncepcj\u0105 autora by\u0142o po\u0142\u0105czenie kilku bry\u0142 w nieregularny spos\u00f3b tworz\u0105c jedn\u0105 funkcjonalna ca\u0142o\u015b\u0107. Mokosz jest propozycj\u0105 dla inwestor\u00f3w szukaj\u0105cych oryginalnego i funkcjonalnego projektu. Zabieg po\u0142\u0105czenia kilku bry\u0142 daje nie tylko poczucie przestrzeni, a r\u00f3wnie\u017c umo\u017cliwia wyra\u017any podzia\u0142 na poszczeg\u00f3lne strefy u\u017cytkowe. Ka\u017cda bry\u0142a stanowi oddzieln\u0105 stref\u0119 u\u017cytkow\u0105 co zapewnia du\u017cy komfort u\u017cytkowania oraz daje du\u017c\u0105 swobod\u0119 w aran\u017cacji przestrzeni. Projekt domu Mokosz z ca\u0142\u0105 pewno\u015bci\u0105 zapewnieni mieszka\u0144com du\u017c\u0105 wygod\u0119 funkcjonowania. Ka\u017cdy z mieszka\u0144c\u00f3w odnajdzie prywatn\u0105 przestrze\u0144 dla siebie. Mokosz to projekt idealny dla 4-osobowej rodziny. &nbsp; Dom w zgodzie z natur\u0105 Mokosz utrzymany zosta\u0142 w nowoczesnym stylu. Elewacja wyko\u0144czona zosta\u0142a drewnian\u0105 szal\u00f3wk\u0105 w kolorze naturalnego drewna. Szal\u00f3wka pojawi\u0142a si\u0119 na ca\u0142ym budynku pi\u0119knie wpisuj\u0105c go w naturalny krajobraz. Szal\u00f3wka w kolorze naturalnego drewna nie tylko ociepla budynek, ale nadaje mu r\u00f3wnie\u017c charakteru. Szal\u00f3wka to z ca\u0142\u0105 pewno\u015bci\u0105 elegancki i naturalny materia\u0142, kt\u00f3ry b\u0119dzie si\u0119 pi\u0119knie prezentowa\u0142 nie tylko w naturalnym krajobrazie, ale r\u00f3wnie\u017c miejskim. Wszyscy, kt\u00f3rzy pod\u0105rzaj\u0105 za aktualnymi trendami powinni wybra\u0107 w\u0142a\u015bnie takie wyko\u0144czenie elewacji, tym bardziej, \u017ce mo\u017ce by\u0107 ona stosowana zar\u00f3wno na nowoczesnych, jak i tradycyjnych elewacjach. Bry\u0142a budynku posiada dwuspadowy dach, kt\u00f3ry pokryto blach\u0105 na r\u0105bek stoj\u0105cy w jasnoszarym kolorze. W tym samym kolorze dobrano r\u00f3wnie\u017c stolark\u0119 okienn\u0105 i drzwiow\u0105. &nbsp; Przejrzysty uk\u0142ad funkcjonalny Projekt domu to po\u0142\u0105czenie trzech bry\u0142. Pierwsza bry\u0142a jest cz\u0119\u015bci\u0105 dzienn\u0105. Zaprojektowano tu przestronny salon z du\u017c\u0105 jadalni\u0105 oraz otwart\u0105 kuchni\u0119. Niew\u0105tpliw\u0105 zalet\u0105 tej cz\u0119\u015bci domu jest roz\u0142o\u017cysty taras okalaj\u0105cy budynek z dw\u00f3ch stron. Prowadz\u0105 na niego dwa niezale\u017cne wyj\u015bcia z salonu oraz trzecie z jadalni. Kuchnia to a\u017c 27 m2 powierzchni u\u017cytkowej. Zaprojektowano w niej wysp\u0119 kuchenn\u0105 oraz praktyczn\u0105 spi\u017carni\u0119. Druga bry\u0142a stanowi prywatn\u0105 stref\u0119 mieszka\u0144c\u00f3w. Pojawi\u0142y si\u0119 tu trzy wygodne sypialnie. Jedna z sypialni zaprojektowana zosta\u0142a jako apartament gospodarzy posiada bowiem prywatn\u0105 \u0142azienk\u0119 oraz garderob\u0119. Takie rozwi\u0105zanie ca\u0142\u0105 pewno\u015bci\u0105 podnosi komfort jej u\u017cytkowania. Pozosta\u0142e sypialnie posiadaj\u0105 prawie 14 m2. Bez problemu pomieszcz\u0105 wygodne \u0142\u00f3\u017cko, biurko oraz szafy. Uk\u0142ad funkcjonalny tej strefy dope\u0142nia funkcjonalny wiatro\u0142ap, w kt\u00f3rym wygospodarowano miejsce na pojemn\u0105 szaf\u0119 oraz rodzinna \u0142azienka. Opr\u00f3cz \u0142azienki mieszka\u0144cy do dyspozycji maj\u0105 WC, z kt\u00f3re b\u0119d\u0105 korzysta\u0107 r\u00f3wnie\u017c go\u015bcie. Wiatro\u0142ap posiada du\u017ce przeszklenia dzi\u0119ki czemu jest jasny i wydaje si\u0119 jeszcze bardziej przestronny. Ostatnia bry\u0142a budynku to strefa gospodarcza. Zaprojektowano tu dwustanowiskowy gara\u017c oraz dodatkow\u0105 przestrze\u0144 do przechowywania np. narz\u0119dzi i sprz\u0119tu ogrodowego. Autor projektu wygospodarowa\u0142 tu r\u00f3wnie\u017c miejsce na funkcjonaln\u0105 pralni\u0119 oraz pomieszczenie gospodarcze z miejscem na urz\u0105dzenie grzewcze. Szczeg\u00f3\u0142y projektu Mokosz na stronie\u00a0www.domywstylu.pl\/mokosz<\/p>\n","protected":false},"author":1,"featured_media":13812,"comment_status":"open","ping_status":"open","sticky":false,"template":"","format":"standard","meta":{"footnotes":""},"categories":[4],"tags":[],"class_list":["post-13811","post","type-post","status-publish","format-standard","has-post-thumbnail","hentry","category-projekty-domow"],"_links":{"self":[{"href":"https:\/\/www.domywstylu.pl\/blog\/wp-json\/wp\/v2\/posts\/13811","targetHints":{"allow":["GET"]}}],"collection":[{"href":"https:\/\/www.domywstylu.pl\/blog\/wp-json\/wp\/v2\/posts"}],"about":[{"href":"https:\/\/www.domywstylu.pl\/blog\/wp-json\/wp\/v2\/types\/post"}],"author":[{"embeddable":true,"href":"https:\/\/www.domywstylu.pl\/blog\/wp-json\/wp\/v2\/users\/1"}],"replies":[{"embeddable":true,"href":"https:\/\/www.domywstylu.pl\/blog\/wp-json\/wp\/v2\/comments?post=13811"}],"version-history":[{"count":2,"href":"https:\/\/www.domywstylu.pl\/blog\/wp-json\/wp\/v2\/posts\/13811\/revisions"}],"predecessor-version":[{"id":13821,"href":"https:\/\/www.domywstylu.pl\/blog\/wp-json\/wp\/v2\/posts\/13811\/revisions\/13821"}],"wp:featuredmedia":[{"embeddable":true,"href":"https:\/\/www.domywstylu.pl\/blog\/wp-json\/wp\/v2\/media\/13812"}],"wp:attachment":[{"href":"https:\/\/www.domywstylu.pl\/blog\/wp-json\/wp\/v2\/media?parent=13811"}],"wp:term":[{"taxonomy":"category","embeddable":true,"href":"https:\/\/www.domywstylu.pl\/blog\/wp-json\/wp\/v2\/categories?post=13811"},{"taxonomy":"post_tag","embeddable":true,"href":"https:\/\/www.domywstylu.pl\/blog\/wp-json\/wp\/v2\/tags?post=13811"}],"curies":[{"name":"wp","href":"https:\/\/api.w.org\/{rel}","templated":true}]}}