{"id":13844,"date":"2023-05-11T11:20:49","date_gmt":"2023-05-11T09:20:49","guid":{"rendered":"https:\/\/www.domywstylu.pl\/blog\/?p=13844"},"modified":"2023-05-11T11:20:49","modified_gmt":"2023-05-11T09:20:49","slug":"nowosc-w-ofercie-projekt-domu-katamaran","status":"publish","type":"post","link":"https:\/\/www.domywstylu.pl\/blog\/2023\/05\/11\/nowosc-w-ofercie-projekt-domu-katamaran\/","title":{"rendered":"Nowo\u015b\u0107 w ofercie &#8211; projekt domu Katamaran"},"content":{"rendered":"<p>Katamaran wyj\u0105tkowo oryginalny projekt domu z u\u017cytkowym poddaszem. Na dw\u00f3ch kondygnacjach rozplanowano powierzchni\u0119 163 m2. Projekt wyr\u00f3\u017cnia si\u0119 niebanaln\u0105 bry\u0142\u0105 i nowoczesn\u0105 elewacj\u0105. To odpowied\u017a na zapytania inwestor\u00f3w, kt\u00f3rzy szukaj\u0105 nowoczesnego podej\u015bcia do architektury. Katamaran jest wynikiem po\u0142\u0105czenie dw\u00f3ch minimalistycznych bry\u0142 tworz\u0105cych jedn\u0105, oryginaln\u0105 form\u0119. Z ca\u0142\u0105 pewno\u015bci\u0105 projekt swoim wygl\u0105dem nawi\u0105zuje do wodnego statku \u2013 katamarana. To statek, kt\u00f3ry posiada dwa po\u0142\u0105czone sztywno kad\u0142uby umieszczone r\u00f3wnolegle wzgl\u0119dem siebie.<\/p>\n<p><a href=\"https:\/\/www.domywstylu.pl\/projekt-domu-katamaran.php\"><img loading=\"lazy\" decoding=\"async\" class=\"aligncenter wp-image-13846 size-large\" src=\"https:\/\/www.domywstylu.pl\/blog\/wp-content\/uploads\/2023\/05\/katamaran_w2-1024x768.jpg\" alt=\"Projekt domu Katamaran\" width=\"960\" height=\"720\" srcset=\"https:\/\/www.domywstylu.pl\/blog\/wp-content\/uploads\/2023\/05\/katamaran_w2.jpg 1024w, https:\/\/www.domywstylu.pl\/blog\/wp-content\/uploads\/2023\/05\/katamaran_w2-300x225.jpg 300w, https:\/\/www.domywstylu.pl\/blog\/wp-content\/uploads\/2023\/05\/katamaran_w2-768x576.jpg 768w\" sizes=\"auto, (max-width: 960px) 100vw, 960px\" \/><\/a><\/p>\n<p>&nbsp;<\/p>\n<h2>Dwie bry\u0142y, jeden oryginalny dom<\/h2>\n<p>Autor projektu Katamaran zaproponowa\u0142 po\u0142\u0105czenie dw\u00f3ch minimalistycznych bry\u0142 niewielkim \u0142\u0105cznikiem Obie bry\u0142y powsta\u0142y na rzucie prostok\u0105ta i zosta\u0142y przykryte dwuspadowym dachem. Ca\u0142o\u015b\u0107 dope\u0142nia nowoczesna elewacja tworz\u0105c niezwykle oryginalny dom. Obie bry\u0142y z ca\u0142\u0105 pewno\u015bci\u0105 mi\u0119dzy sob\u0105 si\u0119 r\u00f3wnie\u017c. Opr\u00f3cz wyko\u0144czenia elewacji, kt\u00f3ra w przypadku obu budynk\u00f3w jest inna, posiadaj\u0105 r\u00f3wnie\u017c inn\u0105 ilo\u015b\u0107 kondygnacji.<\/p>\n<p><a href=\"https:\/\/www.domywstylu.pl\/projekt-domu-katamaran.php\"><img loading=\"lazy\" decoding=\"async\" class=\"aligncenter wp-image-13850 size-large\" src=\"https:\/\/www.domywstylu.pl\/blog\/wp-content\/uploads\/2023\/05\/katamaran_w6-1024x768.jpg\" alt=\"Projekt domu Katamaran\" width=\"960\" height=\"720\" srcset=\"https:\/\/www.domywstylu.pl\/blog\/wp-content\/uploads\/2023\/05\/katamaran_w6.jpg 1024w, https:\/\/www.domywstylu.pl\/blog\/wp-content\/uploads\/2023\/05\/katamaran_w6-300x225.jpg 300w, https:\/\/www.domywstylu.pl\/blog\/wp-content\/uploads\/2023\/05\/katamaran_w6-768x576.jpg 768w\" sizes=\"auto, (max-width: 960px) 100vw, 960px\" \/><\/a><\/p>\n<p>Pierwsza bry\u0142a to cze\u015b\u0107 dzienna budynku. To parterowa cz\u0119\u015b\u0107 domu, kt\u00f3r\u0105 wzbogacono licznymi przeszkleniami. Elewacja to drewniana szal\u00f3wka, kt\u00f3rej kolor przypomina naturalne drewno. Dach nie posiada okap\u00f3w, jest niezwykle prosty i przykryty nowoczesn\u0105 blach\u0105 na r\u0105bek stoj\u0105cy. Z ca\u0142\u0105 pewno\u015bci\u0105 mo\u017cna przyzna\u0107, \u017ce ta cz\u0119\u015b\u0107 domu nawi\u0105zuje do tzw. nowoczesnej stodo\u0142y.<\/p>\n<p><a href=\"https:\/\/www.domywstylu.pl\/projekt-domu-katamaran.php\"><img loading=\"lazy\" decoding=\"async\" class=\"aligncenter wp-image-13848 size-large\" src=\"https:\/\/www.domywstylu.pl\/blog\/wp-content\/uploads\/2023\/05\/katamaran_w4-1024x768.jpg\" alt=\"Projekt domu Katamaran\" width=\"960\" height=\"720\" srcset=\"https:\/\/www.domywstylu.pl\/blog\/wp-content\/uploads\/2023\/05\/katamaran_w4.jpg 1024w, https:\/\/www.domywstylu.pl\/blog\/wp-content\/uploads\/2023\/05\/katamaran_w4-300x225.jpg 300w, https:\/\/www.domywstylu.pl\/blog\/wp-content\/uploads\/2023\/05\/katamaran_w4-768x576.jpg 768w\" sizes=\"auto, (max-width: 960px) 100vw, 960px\" \/><\/a><\/p>\n<p>Druga bry\u0142a zosta\u0142a wykorzystana jako prywatna strefa mieszka\u0144c\u00f3w. Uk\u0142ad funkcjonalny zosta\u0142 tu roz\u0142o\u017cony na dw\u00f3ch kondygnacjach. Ta cz\u0119\u015b\u0107 domu posiada wysokie przeszklenia. Tego typu okna nie tylko otwieraj\u0105 wn\u0119trze na ogr\u00f3d, ale r\u00f3wnie\u017c wprowadzaj\u0105 du\u017co naturalnego \u015bwiat\u0142a. Dach r\u00f3wnie\u017c pokryto blach\u0105 na r\u0105bek stoj\u0105cy, elewacj\u0119 natomiast wyko\u0144czono w zupe\u0142nie inny spos\u00f3b. Wykorzystano tu p\u0142ytk\u0119 elewacyjn\u0105 w ciemnym, szarym kolorze. Ca\u0142a stolarka oraz brama gara\u017cowa zosta\u0142a dobrana w podobnym odcieniu.<\/p>\n<p><a href=\"https:\/\/www.domywstylu.pl\/projekt-domu-katamaran.php\"><img loading=\"lazy\" decoding=\"async\" class=\"aligncenter wp-image-13849 size-large\" src=\"https:\/\/www.domywstylu.pl\/blog\/wp-content\/uploads\/2023\/05\/katamaran_w5-1024x768.jpg\" alt=\"Projekt domu Katamaran\" width=\"960\" height=\"720\" srcset=\"https:\/\/www.domywstylu.pl\/blog\/wp-content\/uploads\/2023\/05\/katamaran_w5.jpg 1024w, https:\/\/www.domywstylu.pl\/blog\/wp-content\/uploads\/2023\/05\/katamaran_w5-300x225.jpg 300w, https:\/\/www.domywstylu.pl\/blog\/wp-content\/uploads\/2023\/05\/katamaran_w5-768x576.jpg 768w\" sizes=\"auto, (max-width: 960px) 100vw, 960px\" \/><\/a><\/p>\n<p>&nbsp;<\/p>\n<h2>Dopracowany uk\u0142ad wn\u0119trz<\/h2>\n<p>Uk\u0142ad funkcjonalny to 163 m2 powierzchni u\u017cytkowej. Dzi\u0119ki rozdzieleniu poszczeg\u00f3lnych stref u\u017cytkowych mieszka\u0144cy posiadaj\u0105 du\u017co wi\u0119kszy komfort u\u017cytkowania. Otwarta przestrze\u0144 to strefa dzienna z salonem, jadalni\u0105 oraz kuchni\u0105. Niew\u0105tpliwym atutem salonu jest szklana \u015bciana otwieraj\u0105ca wn\u0119trze na pi\u0119kne widoki. Pojawi\u0142 si\u0119 tu du\u017cy st\u00f3\u0142 w jadalni oraz wyspa kuchenna. Kuchnia posiada spi\u017carni\u0119, kt\u00f3ra u\u0142atwi utrzymanie w kuchni porz\u0105dku i zapewni miejsce do przechowywania produkt\u00f3w. W centralnym punkcie strefy dziennej pojawi si\u0119 dwustronny kominek.<\/p>\n<p><a href=\"https:\/\/www.domywstylu.pl\/projekt-domu-katamaran.php\"><img loading=\"lazy\" decoding=\"async\" class=\"aligncenter wp-image-13852\" src=\"https:\/\/www.domywstylu.pl\/blog\/wp-content\/uploads\/2023\/05\/image_rzut-937x1024.jpg\" alt=\"Rzut parteru projektu domu Katamaran\" width=\"600\" height=\"656\" srcset=\"https:\/\/www.domywstylu.pl\/blog\/wp-content\/uploads\/2023\/05\/image_rzut-937x1024.jpg 937w, https:\/\/www.domywstylu.pl\/blog\/wp-content\/uploads\/2023\/05\/image_rzut-274x300.jpg 274w, https:\/\/www.domywstylu.pl\/blog\/wp-content\/uploads\/2023\/05\/image_rzut-768x840.jpg 768w, https:\/\/www.domywstylu.pl\/blog\/wp-content\/uploads\/2023\/05\/image_rzut.jpg 988w\" sizes=\"auto, (max-width: 600px) 100vw, 600px\" \/><\/a><\/p>\n<p>Prywatna strefa mieszka\u0144c\u00f3w znalaz\u0142a si\u0119 w drugim budynku. Mieszka\u0144cy do dyspozycji maj\u0105 tu trzy wygodne sypialnie. Dwie mniejsze sypialnie zaprojektowano na poddaszu, sypialnie rodzic\u00f3w na parterze. Sypialnia rodzic\u00f3w zaprojektowana zosta\u0142a jako apartament gospodarzy, posiada bowiem prywatn\u0105 \u0142azienk\u0119 i garderob\u0119. W tej cz\u0119\u015bci domu pojawi\u0142a si\u0119 r\u00f3wnie\u017c strefa gospodarcza. Tworz\u0105 j\u0105 dwustanowiskowy gara\u017c oraz kot\u0142ownia \u00a0zaprojektowana pod ogrzewanie gazowe. Projekt domu Katamaran bez problemu zmie\u015bci si\u0119 na dzia\u0142ce, kt\u00f3ra posiada minimaln\u0105 szeroko\u015b\u0107 25 m.<\/p>\n<p><a href=\"https:\/\/www.domywstylu.pl\/projekt-domu-katamaran.php\"><img loading=\"lazy\" decoding=\"async\" class=\"aligncenter wp-image-13851\" src=\"https:\/\/www.domywstylu.pl\/blog\/wp-content\/uploads\/2023\/05\/image_rzut-1.jpg\" alt=\"Rzut poddasza projektu domu Katamaran\" width=\"600\" height=\"605\" srcset=\"https:\/\/www.domywstylu.pl\/blog\/wp-content\/uploads\/2023\/05\/image_rzut-1.jpg 909w, https:\/\/www.domywstylu.pl\/blog\/wp-content\/uploads\/2023\/05\/image_rzut-1-150x150.jpg 150w, https:\/\/www.domywstylu.pl\/blog\/wp-content\/uploads\/2023\/05\/image_rzut-1-297x300.jpg 297w, https:\/\/www.domywstylu.pl\/blog\/wp-content\/uploads\/2023\/05\/image_rzut-1-768x775.jpg 768w, https:\/\/www.domywstylu.pl\/blog\/wp-content\/uploads\/2023\/05\/image_rzut-1-75x75.jpg 75w\" sizes=\"auto, (max-width: 600px) 100vw, 600px\" \/><\/a><\/p>\n<p>&nbsp;<\/p>\n<p>Szczeg\u00f3\u0142y projektu na stronie &#8211; <span style=\"text-decoration: underline; color: #0000ff;\"><a style=\"color: #0000ff; text-decoration: underline;\" href=\"https:\/\/www.domywstylu.pl\/projekt-domu-katamaran.php\">Projekt domu Katamaran<\/a><\/span><\/p>\n","protected":false},"excerpt":{"rendered":"<p>Katamaran wyj\u0105tkowo oryginalny projekt domu z u\u017cytkowym poddaszem. Na dw\u00f3ch kondygnacjach rozplanowano powierzchni\u0119 163 m2. Projekt wyr\u00f3\u017cnia si\u0119 niebanaln\u0105 bry\u0142\u0105 i nowoczesn\u0105 elewacj\u0105. To odpowied\u017a na zapytania inwestor\u00f3w, kt\u00f3rzy szukaj\u0105 nowoczesnego podej\u015bcia do architektury. Katamaran jest wynikiem po\u0142\u0105czenie dw\u00f3ch minimalistycznych bry\u0142 tworz\u0105cych jedn\u0105, oryginaln\u0105 form\u0119. Z ca\u0142\u0105 pewno\u015bci\u0105 projekt swoim wygl\u0105dem nawi\u0105zuje do wodnego statku \u2013 katamarana. To statek, kt\u00f3ry posiada dwa po\u0142\u0105czone sztywno kad\u0142uby umieszczone r\u00f3wnolegle wzgl\u0119dem siebie. &nbsp; Dwie bry\u0142y, jeden oryginalny dom Autor projektu Katamaran zaproponowa\u0142 po\u0142\u0105czenie dw\u00f3ch minimalistycznych bry\u0142 niewielkim \u0142\u0105cznikiem Obie bry\u0142y powsta\u0142y na rzucie prostok\u0105ta i zosta\u0142y przykryte dwuspadowym dachem. Ca\u0142o\u015b\u0107 dope\u0142nia nowoczesna elewacja tworz\u0105c niezwykle oryginalny dom. Obie bry\u0142y z ca\u0142\u0105 pewno\u015bci\u0105 mi\u0119dzy sob\u0105 si\u0119 r\u00f3wnie\u017c. Opr\u00f3cz wyko\u0144czenia elewacji, kt\u00f3ra w przypadku obu budynk\u00f3w jest inna, posiadaj\u0105 r\u00f3wnie\u017c inn\u0105 ilo\u015b\u0107 kondygnacji. Pierwsza bry\u0142a to cze\u015b\u0107 dzienna budynku. To parterowa cz\u0119\u015b\u0107 domu, kt\u00f3r\u0105 wzbogacono licznymi przeszkleniami. Elewacja to drewniana szal\u00f3wka, kt\u00f3rej kolor przypomina naturalne drewno. Dach nie posiada okap\u00f3w, jest niezwykle prosty i przykryty nowoczesn\u0105 blach\u0105 na r\u0105bek stoj\u0105cy. Z ca\u0142\u0105 pewno\u015bci\u0105 mo\u017cna przyzna\u0107, \u017ce ta cz\u0119\u015b\u0107 domu nawi\u0105zuje do tzw. nowoczesnej stodo\u0142y. Druga bry\u0142a zosta\u0142a wykorzystana jako prywatna strefa mieszka\u0144c\u00f3w. Uk\u0142ad funkcjonalny zosta\u0142 tu roz\u0142o\u017cony na dw\u00f3ch kondygnacjach. Ta cz\u0119\u015b\u0107 domu posiada wysokie przeszklenia. Tego typu okna nie tylko otwieraj\u0105 wn\u0119trze na ogr\u00f3d, ale r\u00f3wnie\u017c wprowadzaj\u0105 du\u017co naturalnego \u015bwiat\u0142a. Dach r\u00f3wnie\u017c pokryto blach\u0105 na r\u0105bek stoj\u0105cy, elewacj\u0119 natomiast wyko\u0144czono w zupe\u0142nie inny spos\u00f3b. Wykorzystano tu p\u0142ytk\u0119 elewacyjn\u0105 w ciemnym, szarym kolorze. Ca\u0142a stolarka oraz brama gara\u017cowa zosta\u0142a dobrana w podobnym odcieniu. &nbsp; Dopracowany uk\u0142ad wn\u0119trz Uk\u0142ad funkcjonalny to 163 m2 powierzchni u\u017cytkowej. Dzi\u0119ki rozdzieleniu poszczeg\u00f3lnych stref u\u017cytkowych mieszka\u0144cy posiadaj\u0105 du\u017co wi\u0119kszy komfort u\u017cytkowania. Otwarta przestrze\u0144 to strefa dzienna z salonem, jadalni\u0105 oraz kuchni\u0105. Niew\u0105tpliwym atutem salonu jest szklana \u015bciana otwieraj\u0105ca wn\u0119trze na pi\u0119kne widoki. Pojawi\u0142 si\u0119 tu du\u017cy st\u00f3\u0142 w jadalni oraz wyspa kuchenna. Kuchnia posiada spi\u017carni\u0119, kt\u00f3ra u\u0142atwi utrzymanie w kuchni porz\u0105dku i zapewni miejsce do przechowywania produkt\u00f3w. W centralnym punkcie strefy dziennej pojawi si\u0119 dwustronny kominek. Prywatna strefa mieszka\u0144c\u00f3w znalaz\u0142a si\u0119 w drugim budynku. Mieszka\u0144cy do dyspozycji maj\u0105 tu trzy wygodne sypialnie. Dwie mniejsze sypialnie zaprojektowano na poddaszu, sypialnie rodzic\u00f3w na parterze. Sypialnia rodzic\u00f3w zaprojektowana zosta\u0142a jako apartament gospodarzy, posiada bowiem prywatn\u0105 \u0142azienk\u0119 i garderob\u0119. W tej cz\u0119\u015bci domu pojawi\u0142a si\u0119 r\u00f3wnie\u017c strefa gospodarcza. Tworz\u0105 j\u0105 dwustanowiskowy gara\u017c oraz kot\u0142ownia \u00a0zaprojektowana pod ogrzewanie gazowe. Projekt domu Katamaran bez problemu zmie\u015bci si\u0119 na dzia\u0142ce, kt\u00f3ra posiada minimaln\u0105 szeroko\u015b\u0107 25 m. &nbsp; Szczeg\u00f3\u0142y projektu na stronie &#8211; Projekt domu Katamaran<\/p>\n","protected":false},"author":1,"featured_media":13845,"comment_status":"open","ping_status":"open","sticky":false,"template":"","format":"standard","meta":{"footnotes":""},"categories":[4],"tags":[],"class_list":["post-13844","post","type-post","status-publish","format-standard","has-post-thumbnail","hentry","category-projekty-domow"],"_links":{"self":[{"href":"https:\/\/www.domywstylu.pl\/blog\/wp-json\/wp\/v2\/posts\/13844","targetHints":{"allow":["GET"]}}],"collection":[{"href":"https:\/\/www.domywstylu.pl\/blog\/wp-json\/wp\/v2\/posts"}],"about":[{"href":"https:\/\/www.domywstylu.pl\/blog\/wp-json\/wp\/v2\/types\/post"}],"author":[{"embeddable":true,"href":"https:\/\/www.domywstylu.pl\/blog\/wp-json\/wp\/v2\/users\/1"}],"replies":[{"embeddable":true,"href":"https:\/\/www.domywstylu.pl\/blog\/wp-json\/wp\/v2\/comments?post=13844"}],"version-history":[{"count":6,"href":"https:\/\/www.domywstylu.pl\/blog\/wp-json\/wp\/v2\/posts\/13844\/revisions"}],"predecessor-version":[{"id":13858,"href":"https:\/\/www.domywstylu.pl\/blog\/wp-json\/wp\/v2\/posts\/13844\/revisions\/13858"}],"wp:featuredmedia":[{"embeddable":true,"href":"https:\/\/www.domywstylu.pl\/blog\/wp-json\/wp\/v2\/media\/13845"}],"wp:attachment":[{"href":"https:\/\/www.domywstylu.pl\/blog\/wp-json\/wp\/v2\/media?parent=13844"}],"wp:term":[{"taxonomy":"category","embeddable":true,"href":"https:\/\/www.domywstylu.pl\/blog\/wp-json\/wp\/v2\/categories?post=13844"},{"taxonomy":"post_tag","embeddable":true,"href":"https:\/\/www.domywstylu.pl\/blog\/wp-json\/wp\/v2\/tags?post=13844"}],"curies":[{"name":"wp","href":"https:\/\/api.w.org\/{rel}","templated":true}]}}