{"id":13872,"date":"2023-05-24T10:58:57","date_gmt":"2023-05-24T08:58:57","guid":{"rendered":"https:\/\/www.domywstylu.pl\/blog\/?p=13872"},"modified":"2023-05-24T11:11:36","modified_gmt":"2023-05-24T09:11:36","slug":"iko-marcepan-duo-i-piko-nowosci-w-ofercie-domow-z-uzytkowym-poddaszem","status":"publish","type":"post","link":"https:\/\/www.domywstylu.pl\/blog\/2023\/05\/24\/iko-marcepan-duo-i-piko-nowosci-w-ofercie-domow-z-uzytkowym-poddaszem\/","title":{"rendered":"Iko, Marcepan, Duo i Piko &#8211; nowo\u015bci w ofercie dom\u00f3w z u\u017cytkowym poddaszem"},"content":{"rendered":"<p>Projekty dom\u00f3w z u\u017cytkowym poddaszem to grupa projekt\u00f3w najch\u0119tniej wybierana przez inwestor\u00f3w. Powod\u00f3w tej popularno\u015bci jest naprawd\u0119 wiele. Domy z poddaszem zapewniaj\u0105 dodatkow\u0105 przestrze\u0144, kt\u00f3r\u0105 mo\u017cna wykorzysta\u0107 na dodatkowe sypialnie, pomieszczenie rekreacyjne, biblioteczk\u0119 czy pracowni\u0119. U\u017cytkowe poddasze stanowi oddzieln\u0105 przestrze\u0144 w domu, co zapewnia domownikom wi\u0119ksz\u0105 prywatno\u015b\u0107. Jest to szczeg\u00f3lnie korzystne dla rodzin z nastolatkami lub starszymi dzie\u0107mi, kt\u00f3rzy potrzebuj\u0105 swojego prywatnego obszaru. <span style=\"text-decoration: underline; color: #0000ff;\"><a style=\"color: #0000ff; text-decoration: underline;\" href=\"https:\/\/www.domywstylu.pl\/projekty-domow-z-uzytkowym-poddaszem\/\">Projekty dom\u00f3w z u\u017cytkowym poddaszem<\/a><\/span> z ca\u0142\u0105 pewno\u015bci\u0105 posiadaj\u0105 mniejsz\u0105 powierzchni\u0119 zabudowy w por\u00f3wnaniu z domami jednopi\u0119trowymi. Sprawia to, \u017ce s\u0105 bardziej przyst\u0119pne dla os\u00f3b, kt\u00f3re posiadaj\u0105 mniejsze dzia\u0142ki lub chc\u0105 zmie\u015bci\u0107 sw\u00f3j dom na ograniczonej przestrzeni. Pozwalaj\u0105 efektywnie wykorzysta\u0107 dost\u0119pn\u0105 powierzchni\u0119, a jednocze\u015bnie zapewniaj\u0105 wygod\u0119 oraz funkcjonalno\u015b\u0107 przestrzeni mieszkalnej.<\/p>\n<p>\u015aledz\u0105c potrzeby i oczekiwania inwestor\u00f3w, nasza oferta projekt\u00f3w dom\u00f3w z u\u017cytkowym poddaszem jest regularnie poszerzana. Z przyjemno\u015bci\u0105 prezentujemy kolejne nowo\u015bci z kategorii dom\u00f3w z poddaszem \ud83d\ude42<\/p>\n<p>&nbsp;<\/p>\n<h2>IKO, dom ze szklan\u0105 \u015bcian\u0105<\/h2>\n<p>IKO to nowoczesny dom o powierzchni u\u017cytkowej ok. 130 m2. Projekt powsta\u0142 w odpowiedzi na potrzeby inwestor\u00f3w szukaj\u0105cych nowoczesnych rozwi\u0105za\u0144 architektonicznych i wsp\u00f3\u0142czesnego podej\u015bcia do architektury. Dom zaprojektowano na rzucie prostok\u0105ta i przykryto dwuspadowym dachem. Bry\u0142a posiada nowoczesne elementy architektoniczne dzi\u0119ki czemu nabiera oryginalnego wygl\u0105du.<\/p>\n<p><a href=\"https:\/\/www.domywstylu.pl\/projekt-domu-iko.php\"><img loading=\"lazy\" decoding=\"async\" class=\"aligncenter wp-image-13874 size-large\" src=\"https:\/\/www.domywstylu.pl\/blog\/wp-content\/uploads\/2023\/05\/iko_w1-1024x768.jpg\" alt=\"Projekt domu IKO\" width=\"960\" height=\"720\" srcset=\"https:\/\/www.domywstylu.pl\/blog\/wp-content\/uploads\/2023\/05\/iko_w1.jpg 1024w, https:\/\/www.domywstylu.pl\/blog\/wp-content\/uploads\/2023\/05\/iko_w1-300x225.jpg 300w, https:\/\/www.domywstylu.pl\/blog\/wp-content\/uploads\/2023\/05\/iko_w1-768x576.jpg 768w\" sizes=\"auto, (max-width: 960px) 100vw, 960px\" \/><\/a><\/p>\n<p>Elewacj\u0119 wyko\u0144czono p\u0142ytka elewacyjn\u0105 w ceglastym kolorze oraz szal\u00f3wk\u0105 w odcieniach szaro\u015bci. Na dachu pojawi\u0142a si\u0119 grafitowa dach\u00f3wka, kt\u00f3ra pi\u0119knie wsp\u00f3\u0142gra ze stolark\u0105 w tym samym kolorze. Parter to otwarta strefa dzienna. Zaprojektowano tu salon z jadalni\u0105 oraz kuchni\u0119 w wysp\u0105 kuchenn\u0105. Niew\u0105tpliw\u0105 zalet\u0105 tej cz\u0119\u015bci domu s\u0105 panoramiczne przeszklenia. Poddasze to cztery wygodne sypialnie, rodzinna \u0142azienka oraz pralnia.<\/p>\n<p><a href=\"https:\/\/www.domywstylu.pl\/projekt-domu-iko.php\"><img loading=\"lazy\" decoding=\"async\" class=\"aligncenter wp-image-13875 size-large\" src=\"https:\/\/www.domywstylu.pl\/blog\/wp-content\/uploads\/2023\/05\/iko_w5-1024x768.jpg\" alt=\"Projekt domu IKO\" width=\"960\" height=\"720\" srcset=\"https:\/\/www.domywstylu.pl\/blog\/wp-content\/uploads\/2023\/05\/iko_w5.jpg 1024w, https:\/\/www.domywstylu.pl\/blog\/wp-content\/uploads\/2023\/05\/iko_w5-300x225.jpg 300w, https:\/\/www.domywstylu.pl\/blog\/wp-content\/uploads\/2023\/05\/iko_w5-768x576.jpg 768w\" sizes=\"auto, (max-width: 960px) 100vw, 960px\" \/><\/a><\/p>\n<p style=\"text-align: center;\">Szczeg\u00f3\u0142y projektu &#8211; <span style=\"text-decoration: underline; color: #0000ff;\"><a style=\"color: #0000ff; text-decoration: underline;\" href=\"https:\/\/www.domywstylu.pl\/projekt-domu-iko.php\">Projekt domu IKO<\/a><\/span><\/p>\n<p>&nbsp;<\/p>\n<h2>MARCEPAN, dom na dzia\u0142k\u0119 o szeroko\u015bci 20 m<\/h2>\n<p>MARCEPAN z ca\u0142\u0105 pewno\u015bci\u0105 wyr\u00f3\u017cnia si\u0119 nowoczesn\u0105 \u00a0bry\u0142\u0105 oraz przemy\u015blanym program funkcjonalnym. Bogate wyko\u0144czenie elewacji sprawia, \u017ce dom prezentuje si\u0119 niezwykle oryginalnie. Na elewacji opr\u00f3cz bia\u0142ego tynku pojawi\u0142a si\u0119 bowiem drewniana szal\u00f3wka oraz blacha w szarym kolorze.<\/p>\n<p><a href=\"https:\/\/www.domywstylu.pl\/projekt-domu-marcepan.php\"><img loading=\"lazy\" decoding=\"async\" class=\"aligncenter wp-image-13877 size-large\" src=\"https:\/\/www.domywstylu.pl\/blog\/wp-content\/uploads\/2023\/05\/marcepan_w1-1024x768.jpg\" alt=\"Projekt domu Marcepan\" width=\"960\" height=\"720\" srcset=\"https:\/\/www.domywstylu.pl\/blog\/wp-content\/uploads\/2023\/05\/marcepan_w1.jpg 1024w, https:\/\/www.domywstylu.pl\/blog\/wp-content\/uploads\/2023\/05\/marcepan_w1-300x225.jpg 300w, https:\/\/www.domywstylu.pl\/blog\/wp-content\/uploads\/2023\/05\/marcepan_w1-768x576.jpg 768w\" sizes=\"auto, (max-width: 960px) 100vw, 960px\" \/><\/a><\/p>\n<p>Uk\u0142ad funkcjonalny domu zosta\u0142 zaplanowany na 156 m2 powierzchni u\u017cytkowej i zapewni komfort nawet 5-osobowej rodzinie.\u00a0Na parterze mieszka\u0144cy do dyspozycji maj\u0105 cz\u0119\u015b\u0107 dzienn\u0105 z salonem, jadalni\u0105 i kuchni\u0105. Pojawi\u0142a si\u0119 tu r\u00f3wnie\u017c sypialnia, przy kt\u00f3rej zaprojektowano \u0142azienk\u0119. Na poddaszu ulokowano trzy sypialnie, \u0142azienk\u0119 oraz funkcjonaln\u0105 pralni\u0119.<\/p>\n<p><a href=\"https:\/\/www.domywstylu.pl\/projekt-domu-marcepan.php\"><img loading=\"lazy\" decoding=\"async\" class=\"aligncenter wp-image-13878 size-large\" src=\"https:\/\/www.domywstylu.pl\/blog\/wp-content\/uploads\/2023\/05\/marcepan_w2-1024x768.jpg\" alt=\"Projekt domu Marcepan\" width=\"960\" height=\"720\" srcset=\"https:\/\/www.domywstylu.pl\/blog\/wp-content\/uploads\/2023\/05\/marcepan_w2.jpg 1024w, https:\/\/www.domywstylu.pl\/blog\/wp-content\/uploads\/2023\/05\/marcepan_w2-300x225.jpg 300w, https:\/\/www.domywstylu.pl\/blog\/wp-content\/uploads\/2023\/05\/marcepan_w2-768x576.jpg 768w\" sizes=\"auto, (max-width: 960px) 100vw, 960px\" \/><\/a><\/p>\n<p style=\"text-align: center;\">Szczeg\u00f3\u0142y projektu &#8211; <span style=\"text-decoration: underline; color: #0000ff;\"><a style=\"color: #0000ff; text-decoration: underline;\" href=\"https:\/\/www.domywstylu.pl\/projekt-domu-marcepan.php\">Projekt domu MARCEPAN<\/a><\/span><\/p>\n<p>&nbsp;<\/p>\n<h2>DUO, prostota i funkcjonalno\u015b\u0107<\/h2>\n<p>DUO posiada powierzchni\u0119 u\u017cytkow\u0105 159 m2. Projekt posiada prost\u0105 bry\u0142\u0119, jednak dzi\u0119ki wyszukanym materia\u0142om elewacyjnym prezentuje si\u0119 niezwykle oryginalnie. Duo posiada wszystko czego mo\u017ce potrzebowa\u0107 wsp\u00f3\u0142czesna rodzina. Gara\u017c na dwa stanowiska, dodatkowy pok\u00f3j na parterze, spi\u017carnia przy kuchni oraz panoramiczne przeszklenia to tylko niekt\u00f3re zalety projektu.<a href=\"https:\/\/www.domywstylu.pl\/projekt-domu-duo.php\"><img loading=\"lazy\" decoding=\"async\" class=\"aligncenter wp-image-13879 size-large\" src=\"https:\/\/www.domywstylu.pl\/blog\/wp-content\/uploads\/2023\/05\/duo_w1-1024x768.jpg\" alt=\"Projekt domu DUO\" width=\"960\" height=\"720\" srcset=\"https:\/\/www.domywstylu.pl\/blog\/wp-content\/uploads\/2023\/05\/duo_w1.jpg 1024w, https:\/\/www.domywstylu.pl\/blog\/wp-content\/uploads\/2023\/05\/duo_w1-300x225.jpg 300w, https:\/\/www.domywstylu.pl\/blog\/wp-content\/uploads\/2023\/05\/duo_w1-768x576.jpg 768w\" sizes=\"auto, (max-width: 960px) 100vw, 960px\" \/><\/a>Prosta bry\u0142a projektu to r\u00f3wnie\u017c ni\u017csze koszty i szybsze tempo realizacji inwestycji. DUO jest propozycj\u0105 dla wszystkich, kt\u00f3rzy szukaj\u0105 projektu domu z prywatn\u0105 przestrzeni\u0105 dla senior\u00f3w. Projekt posiada bowiem niewielk\u0105 senioratk\u0119, kt\u00f3ra z ca\u0142\u0105 pewno\u015bci\u0105 zapewni wygod\u0119 i spok\u00f3j najstarszym mieszka\u0144com.\u00a0<a href=\"https:\/\/www.domywstylu.pl\/projekt-domu-duo.php\"><img loading=\"lazy\" decoding=\"async\" class=\"aligncenter wp-image-13880 size-large\" src=\"https:\/\/www.domywstylu.pl\/blog\/wp-content\/uploads\/2023\/05\/duo_w2-1024x768.jpg\" alt=\"Projekt domu DUO\" width=\"960\" height=\"720\" srcset=\"https:\/\/www.domywstylu.pl\/blog\/wp-content\/uploads\/2023\/05\/duo_w2.jpg 1024w, https:\/\/www.domywstylu.pl\/blog\/wp-content\/uploads\/2023\/05\/duo_w2-300x225.jpg 300w, https:\/\/www.domywstylu.pl\/blog\/wp-content\/uploads\/2023\/05\/duo_w2-768x576.jpg 768w\" sizes=\"auto, (max-width: 960px) 100vw, 960px\" \/><\/a><\/p>\n<p style=\"text-align: center;\">Szczeg\u00f3\u0142y projektu &#8211; <span style=\"text-decoration: underline; color: #0000ff;\"><a style=\"color: #0000ff; text-decoration: underline;\" href=\"https:\/\/www.domywstylu.pl\/projekt-domu-duo.php\">Projekt domu DUO<\/a><\/span><\/p>\n<p>&nbsp;<\/p>\n<h2>PIKO, projekt domu z antresol\u0105<\/h2>\n<p>PIKO to projekt domu z u\u017cytkowym poddaszem, gara\u017cem na dwa stanowiska o powierzchni u\u017cytkowej 211 m2. Przestronna cz\u0119\u015b\u0107 dzienna oraz roz\u0142o\u017cysty taras sprawia, \u017ce b\u0119dzie on idealny dla rodzin szukaj\u0105cych przestrzeni i nowoczesnego wn\u0119trza. Projekt posiada prost\u0105 bry\u0142\u0119 przykryt\u0105 dwuspadowym dachem. Budynek utrzymano w nowoczesnym stylu. Na elewacji pojawi\u0142 si\u0119 bia\u0142y tynk, drewniana szal\u00f3wka oraz ciemna p\u0142ytka elewacyjna. Kolory zaproponowane na elewacji s\u0105 w stonowanej kolorystyce, dzi\u0119ki czemu dom prezentuje si\u0119 niezwykle elegancko i harmonijnie.<\/p>\n<p><a href=\"https:\/\/www.domywstylu.pl\/projekt-domu-piko.php\"><img loading=\"lazy\" decoding=\"async\" class=\"aligncenter wp-image-13873 size-large\" src=\"https:\/\/www.domywstylu.pl\/blog\/wp-content\/uploads\/2023\/05\/piko_w1-1024x768.jpg\" alt=\"Projekt domu Piko\" width=\"960\" height=\"720\" \/><\/a><\/p>\n<p>Projekt domu Piko b\u0119dzie idealnym wyborem dla wszystkich, kt\u00f3rzy ceni\u0105 sobie nowoczesne rozwi\u0105zania oraz przestronne i funkcjonalne wn\u0119trza. Mieszka\u0144cy do dyspozycji maj\u0105 cze\u015b\u0107 dzienn\u0105 z salonem, jadalni\u0105 i otwart\u0105 kuchni\u0105. Uk\u0142ad parteru dope\u0142nia sypialnia rodzic\u00f3w zaprojektowana jako apartament gospodarzy z prywatn\u0105 \u0142azienka i garderob\u0105, WC oraz kot\u0142ownia z miejscem na pralni\u0119. Na poddaszu pojawi\u0142y si\u0119 trzy sypialnie oraz og\u00f3lnodost\u0119pna \u0142azienka. Ka\u017cda sypialnia posiada prywatna garderob\u0119.<\/p>\n<p><a href=\"https:\/\/www.domywstylu.pl\/projekt-domu-piko.php\"><img loading=\"lazy\" decoding=\"async\" class=\"aligncenter wp-image-13881 size-large\" src=\"https:\/\/www.domywstylu.pl\/blog\/wp-content\/uploads\/2023\/05\/piko_w3-1024x768.jpg\" alt=\"Projekt domu PIKO\" width=\"960\" height=\"720\" srcset=\"https:\/\/www.domywstylu.pl\/blog\/wp-content\/uploads\/2023\/05\/piko_w3.jpg 1024w, https:\/\/www.domywstylu.pl\/blog\/wp-content\/uploads\/2023\/05\/piko_w3-300x225.jpg 300w, https:\/\/www.domywstylu.pl\/blog\/wp-content\/uploads\/2023\/05\/piko_w3-768x576.jpg 768w\" sizes=\"auto, (max-width: 960px) 100vw, 960px\" \/><\/a><\/p>\n<p style=\"text-align: center;\">Szczeg\u00f3\u0142y projektu &#8211; <span style=\"text-decoration: underline; color: #0000ff;\"><a style=\"color: #0000ff; text-decoration: underline;\" href=\"https:\/\/www.domywstylu.pl\/projekt-domu-piko.php\">Projekt domu PIKO<\/a><\/span><\/p>\n","protected":false},"excerpt":{"rendered":"<p>Projekty dom\u00f3w z u\u017cytkowym poddaszem to grupa projekt\u00f3w najch\u0119tniej wybierana przez inwestor\u00f3w. Powod\u00f3w tej popularno\u015bci jest naprawd\u0119 wiele. Domy z poddaszem zapewniaj\u0105 dodatkow\u0105 przestrze\u0144, kt\u00f3r\u0105 mo\u017cna wykorzysta\u0107 na dodatkowe sypialnie, pomieszczenie rekreacyjne, biblioteczk\u0119 czy pracowni\u0119. U\u017cytkowe poddasze stanowi oddzieln\u0105 przestrze\u0144 w domu, co zapewnia domownikom wi\u0119ksz\u0105 prywatno\u015b\u0107. Jest to szczeg\u00f3lnie korzystne dla rodzin z nastolatkami lub starszymi dzie\u0107mi, kt\u00f3rzy potrzebuj\u0105 swojego prywatnego obszaru. Projekty dom\u00f3w z u\u017cytkowym poddaszem z ca\u0142\u0105 pewno\u015bci\u0105 posiadaj\u0105 mniejsz\u0105 powierzchni\u0119 zabudowy w por\u00f3wnaniu z domami jednopi\u0119trowymi. Sprawia to, \u017ce s\u0105 bardziej przyst\u0119pne dla os\u00f3b, kt\u00f3re posiadaj\u0105 mniejsze dzia\u0142ki lub chc\u0105 zmie\u015bci\u0107 sw\u00f3j dom na ograniczonej przestrzeni. Pozwalaj\u0105 efektywnie wykorzysta\u0107 dost\u0119pn\u0105 powierzchni\u0119, a jednocze\u015bnie zapewniaj\u0105 wygod\u0119 oraz funkcjonalno\u015b\u0107 przestrzeni mieszkalnej. \u015aledz\u0105c potrzeby i oczekiwania inwestor\u00f3w, nasza oferta projekt\u00f3w dom\u00f3w z u\u017cytkowym poddaszem jest regularnie poszerzana. Z przyjemno\u015bci\u0105 prezentujemy kolejne nowo\u015bci z kategorii dom\u00f3w z poddaszem \ud83d\ude42 &nbsp; IKO, dom ze szklan\u0105 \u015bcian\u0105 IKO to nowoczesny dom o powierzchni u\u017cytkowej ok. 130 m2. Projekt powsta\u0142 w odpowiedzi na potrzeby inwestor\u00f3w szukaj\u0105cych nowoczesnych rozwi\u0105za\u0144 architektonicznych i wsp\u00f3\u0142czesnego podej\u015bcia do architektury. Dom zaprojektowano na rzucie prostok\u0105ta i przykryto dwuspadowym dachem. Bry\u0142a posiada nowoczesne elementy architektoniczne dzi\u0119ki czemu nabiera oryginalnego wygl\u0105du. Elewacj\u0119 wyko\u0144czono p\u0142ytka elewacyjn\u0105 w ceglastym kolorze oraz szal\u00f3wk\u0105 w odcieniach szaro\u015bci. Na dachu pojawi\u0142a si\u0119 grafitowa dach\u00f3wka, kt\u00f3ra pi\u0119knie wsp\u00f3\u0142gra ze stolark\u0105 w tym samym kolorze. Parter to otwarta strefa dzienna. Zaprojektowano tu salon z jadalni\u0105 oraz kuchni\u0119 w wysp\u0105 kuchenn\u0105. Niew\u0105tpliw\u0105 zalet\u0105 tej cz\u0119\u015bci domu s\u0105 panoramiczne przeszklenia. Poddasze to cztery wygodne sypialnie, rodzinna \u0142azienka oraz pralnia. Szczeg\u00f3\u0142y projektu &#8211; Projekt domu IKO &nbsp; MARCEPAN, dom na dzia\u0142k\u0119 o szeroko\u015bci 20 m MARCEPAN z ca\u0142\u0105 pewno\u015bci\u0105 wyr\u00f3\u017cnia si\u0119 nowoczesn\u0105 \u00a0bry\u0142\u0105 oraz przemy\u015blanym program funkcjonalnym. Bogate wyko\u0144czenie elewacji sprawia, \u017ce dom prezentuje si\u0119 niezwykle oryginalnie. Na elewacji opr\u00f3cz bia\u0142ego tynku pojawi\u0142a si\u0119 bowiem drewniana szal\u00f3wka oraz blacha w szarym kolorze. Uk\u0142ad funkcjonalny domu zosta\u0142 zaplanowany na 156 m2 powierzchni u\u017cytkowej i zapewni komfort nawet 5-osobowej rodzinie.\u00a0Na parterze mieszka\u0144cy do dyspozycji maj\u0105 cz\u0119\u015b\u0107 dzienn\u0105 z salonem, jadalni\u0105 i kuchni\u0105. Pojawi\u0142a si\u0119 tu r\u00f3wnie\u017c sypialnia, przy kt\u00f3rej zaprojektowano \u0142azienk\u0119. Na poddaszu ulokowano trzy sypialnie, \u0142azienk\u0119 oraz funkcjonaln\u0105 pralni\u0119. Szczeg\u00f3\u0142y projektu &#8211; Projekt domu MARCEPAN &nbsp; DUO, prostota i funkcjonalno\u015b\u0107 DUO posiada powierzchni\u0119 u\u017cytkow\u0105 159 m2. Projekt posiada prost\u0105 bry\u0142\u0119, jednak dzi\u0119ki wyszukanym materia\u0142om elewacyjnym prezentuje si\u0119 niezwykle oryginalnie. Duo posiada wszystko czego mo\u017ce potrzebowa\u0107 wsp\u00f3\u0142czesna rodzina. Gara\u017c na dwa stanowiska, dodatkowy pok\u00f3j na parterze, spi\u017carnia przy kuchni oraz panoramiczne przeszklenia to tylko niekt\u00f3re zalety projektu.Prosta bry\u0142a projektu to r\u00f3wnie\u017c ni\u017csze koszty i szybsze tempo realizacji inwestycji. DUO jest propozycj\u0105 dla wszystkich, kt\u00f3rzy szukaj\u0105 projektu domu z prywatn\u0105 przestrzeni\u0105 dla senior\u00f3w. Projekt posiada bowiem niewielk\u0105 senioratk\u0119, kt\u00f3ra z ca\u0142\u0105 pewno\u015bci\u0105 zapewni wygod\u0119 i spok\u00f3j najstarszym mieszka\u0144com.\u00a0 Szczeg\u00f3\u0142y projektu &#8211; Projekt domu DUO &nbsp; PIKO, projekt domu z antresol\u0105 PIKO to projekt domu z u\u017cytkowym poddaszem, gara\u017cem na dwa stanowiska o powierzchni u\u017cytkowej 211 m2. Przestronna cz\u0119\u015b\u0107 dzienna oraz roz\u0142o\u017cysty taras sprawia, \u017ce b\u0119dzie on idealny dla rodzin szukaj\u0105cych przestrzeni i nowoczesnego wn\u0119trza. Projekt posiada prost\u0105 bry\u0142\u0119 przykryt\u0105 dwuspadowym dachem. Budynek utrzymano w nowoczesnym stylu. Na elewacji pojawi\u0142 si\u0119 bia\u0142y tynk, drewniana szal\u00f3wka oraz ciemna p\u0142ytka elewacyjna. Kolory zaproponowane na elewacji s\u0105 w stonowanej kolorystyce, dzi\u0119ki czemu dom prezentuje si\u0119 niezwykle elegancko i harmonijnie. Projekt domu Piko b\u0119dzie idealnym wyborem dla wszystkich, kt\u00f3rzy ceni\u0105 sobie nowoczesne rozwi\u0105zania oraz przestronne i funkcjonalne wn\u0119trza. Mieszka\u0144cy do dyspozycji maj\u0105 cze\u015b\u0107 dzienn\u0105 z salonem, jadalni\u0105 i otwart\u0105 kuchni\u0105. Uk\u0142ad parteru dope\u0142nia sypialnia rodzic\u00f3w zaprojektowana jako apartament gospodarzy z prywatn\u0105 \u0142azienka i garderob\u0105, WC oraz kot\u0142ownia z miejscem na pralni\u0119. Na poddaszu pojawi\u0142y si\u0119 trzy sypialnie oraz og\u00f3lnodost\u0119pna \u0142azienka. Ka\u017cda sypialnia posiada prywatna garderob\u0119. Szczeg\u00f3\u0142y projektu &#8211; Projekt domu PIKO<\/p>\n","protected":false},"author":1,"featured_media":13873,"comment_status":"open","ping_status":"open","sticky":false,"template":"","format":"standard","meta":{"footnotes":""},"categories":[4],"tags":[],"class_list":["post-13872","post","type-post","status-publish","format-standard","has-post-thumbnail","hentry","category-projekty-domow"],"_links":{"self":[{"href":"https:\/\/www.domywstylu.pl\/blog\/wp-json\/wp\/v2\/posts\/13872","targetHints":{"allow":["GET"]}}],"collection":[{"href":"https:\/\/www.domywstylu.pl\/blog\/wp-json\/wp\/v2\/posts"}],"about":[{"href":"https:\/\/www.domywstylu.pl\/blog\/wp-json\/wp\/v2\/types\/post"}],"author":[{"embeddable":true,"href":"https:\/\/www.domywstylu.pl\/blog\/wp-json\/wp\/v2\/users\/1"}],"replies":[{"embeddable":true,"href":"https:\/\/www.domywstylu.pl\/blog\/wp-json\/wp\/v2\/comments?post=13872"}],"version-history":[{"count":23,"href":"https:\/\/www.domywstylu.pl\/blog\/wp-json\/wp\/v2\/posts\/13872\/revisions"}],"predecessor-version":[{"id":13903,"href":"https:\/\/www.domywstylu.pl\/blog\/wp-json\/wp\/v2\/posts\/13872\/revisions\/13903"}],"wp:featuredmedia":[{"embeddable":true,"href":"https:\/\/www.domywstylu.pl\/blog\/wp-json\/wp\/v2\/media\/13873"}],"wp:attachment":[{"href":"https:\/\/www.domywstylu.pl\/blog\/wp-json\/wp\/v2\/media?parent=13872"}],"wp:term":[{"taxonomy":"category","embeddable":true,"href":"https:\/\/www.domywstylu.pl\/blog\/wp-json\/wp\/v2\/categories?post=13872"},{"taxonomy":"post_tag","embeddable":true,"href":"https:\/\/www.domywstylu.pl\/blog\/wp-json\/wp\/v2\/tags?post=13872"}],"curies":[{"name":"wp","href":"https:\/\/api.w.org\/{rel}","templated":true}]}}