{"id":14027,"date":"2023-07-04T13:09:05","date_gmt":"2023-07-04T11:09:05","guid":{"rendered":"https:\/\/www.domywstylu.pl\/blog\/?p=14027"},"modified":"2023-07-04T13:09:05","modified_gmt":"2023-07-04T11:09:05","slug":"nowosc-w-ofercie-agres-dom-z-czescia-pod-wynajem","status":"publish","type":"post","link":"https:\/\/www.domywstylu.pl\/blog\/2023\/07\/04\/nowosc-w-ofercie-agres-dom-z-czescia-pod-wynajem\/","title":{"rendered":"Nowo\u015b\u0107 w ofercie &#8211; Agres, dom z cz\u0119\u015bci\u0105 pod wynajem"},"content":{"rendered":"<p>Projekt Agrest to dom z u\u017cytkowym poddaszem i piwnic\u0105. Mieszka\u0144cy do dyspozycjo maj\u0105 trzy kondygnacje o wsp\u00f3lnej powierzchni u\u017cytkowej 109 m2. To propozycja dla os\u00f3b, kt\u00f3re chcia\u0142y cz\u0119\u015b\u0107 swojego domu wynaj\u0105\u0107 lokatorom. W projekcie przewidziano r\u00f3wnie\u017c cz\u0119\u015b\u0107 wsp\u00f3ln\u0105, kt\u00f3ra jest cz\u0119\u015bci\u0105 rekreacyjn\u0105. Parter stanowi mieszkanie w\u0142a\u015bcicieli. Poddasze zaprojektowano pod wynajem. Piwnica jest cz\u0119\u015bci\u0105 rekreacyjn\u0105.<\/p>\n<p><a href=\"https:\/\/www.domywstylu.pl\/projekt-domu-agrest.php\"><img loading=\"lazy\" decoding=\"async\" class=\"aligncenter wp-image-14031 size-large\" src=\"https:\/\/www.domywstylu.pl\/blog\/wp-content\/uploads\/2023\/07\/agrest_w4-1024x768.jpg\" alt=\"Projekt domu Agrest\" width=\"960\" height=\"720\" srcset=\"https:\/\/www.domywstylu.pl\/blog\/wp-content\/uploads\/2023\/07\/agrest_w4.jpg 1024w, https:\/\/www.domywstylu.pl\/blog\/wp-content\/uploads\/2023\/07\/agrest_w4-300x225.jpg 300w, https:\/\/www.domywstylu.pl\/blog\/wp-content\/uploads\/2023\/07\/agrest_w4-768x576.jpg 768w\" sizes=\"auto, (max-width: 960px) 100vw, 960px\" \/><\/a><\/p>\n<p>Ca\u0142o\u015b\u0107 prezentuje si\u0119 niezwykle nowocze\u015bnie i z ca\u0142\u0105 pewno\u015bci\u0105 oryginalnie. AREST bez w\u0105tpienia wpisze si\u0119 w ka\u017cdy krajobraz. Dom odnajdzie si\u0119 w krajobrazie miejskim i \u015bwietnie wpisze si\u0119 w klimat podmiejski. Bez r\u00f3\u017cnicy gdzie znajdzie swoje miejsce, dzi\u0119ki du\u017cym przeszkleniom zapewni mieszka\u0144com pi\u0119kne widoki na otaczaj\u0105cy krajobraz.<\/p>\n<p><a href=\"https:\/\/www.domywstylu.pl\/projekt-domu-agrest.php\"><img loading=\"lazy\" decoding=\"async\" class=\"aligncenter wp-image-14033 size-large\" src=\"https:\/\/www.domywstylu.pl\/blog\/wp-content\/uploads\/2023\/07\/agrest_w6-1024x768.jpg\" alt=\"Projekt domu Agrest\" width=\"960\" height=\"720\" srcset=\"https:\/\/www.domywstylu.pl\/blog\/wp-content\/uploads\/2023\/07\/agrest_w6.jpg 1024w, https:\/\/www.domywstylu.pl\/blog\/wp-content\/uploads\/2023\/07\/agrest_w6-300x225.jpg 300w, https:\/\/www.domywstylu.pl\/blog\/wp-content\/uploads\/2023\/07\/agrest_w6-768x576.jpg 768w\" sizes=\"auto, (max-width: 960px) 100vw, 960px\" \/><\/a><\/p>\n<p>&nbsp;<\/p>\n<h2>Nowoczesne wyko\u0144czenie i prosta bry\u0142a<\/h2>\n<p>Projekt powsta\u0142 na rzucie prostok\u0105ta i zosta\u0142 przykryty dwuspadowym dachem. Zaproponowane przez autora materia\u0142y wyko\u0144czeniowe podkre\u015blaj\u0105 nowoczesny charakter domu. Elewacja w wi\u0119kszo\u015bci zosta\u0142a przykryta desk\u0105 szal\u00f3wkow\u0105. Szal\u00f3wka w kolorze naturalnego drewna ociepla budynek.<\/p>\n<p><a href=\"https:\/\/www.domywstylu.pl\/projekt-domu-agrest.php\"><img loading=\"lazy\" decoding=\"async\" class=\"aligncenter wp-image-14029 size-large\" src=\"https:\/\/www.domywstylu.pl\/blog\/wp-content\/uploads\/2023\/07\/agrest_w2-1024x768.jpg\" alt=\"Projekt domu Agrest\" width=\"960\" height=\"720\" srcset=\"https:\/\/www.domywstylu.pl\/blog\/wp-content\/uploads\/2023\/07\/agrest_w2.jpg 1024w, https:\/\/www.domywstylu.pl\/blog\/wp-content\/uploads\/2023\/07\/agrest_w2-300x225.jpg 300w, https:\/\/www.domywstylu.pl\/blog\/wp-content\/uploads\/2023\/07\/agrest_w2-768x576.jpg 768w\" sizes=\"auto, (max-width: 960px) 100vw, 960px\" \/><\/a><\/p>\n<p>W podcieniu tarasu pojawi\u0142 si\u0119 kamie\u0144 elewacyjny. Dwuspadowy dach pokryty zosta\u0142 blach\u0105 na r\u0105bek stoj\u0105cy w odcieniu grafitowym. W tym samych kolorze pojawi\u0142a si\u0119 r\u00f3wnie\u017c stolarka okienna i drzwiowa. Autor w wyko\u0144czeniu zaproponowa\u0142 r\u00f3wnie\u017c szklane i metalowe balustrady.<\/p>\n<p><a href=\"https:\/\/www.domywstylu.pl\/projekt-domu-agrest.php\"><img loading=\"lazy\" decoding=\"async\" class=\"aligncenter wp-image-14030 size-large\" src=\"https:\/\/www.domywstylu.pl\/blog\/wp-content\/uploads\/2023\/07\/agrest_w3-1024x768.jpg\" alt=\"Projekt domu Agrest\" width=\"960\" height=\"720\" srcset=\"https:\/\/www.domywstylu.pl\/blog\/wp-content\/uploads\/2023\/07\/agrest_w3.jpg 1024w, https:\/\/www.domywstylu.pl\/blog\/wp-content\/uploads\/2023\/07\/agrest_w3-300x225.jpg 300w, https:\/\/www.domywstylu.pl\/blog\/wp-content\/uploads\/2023\/07\/agrest_w3-768x576.jpg 768w\" sizes=\"auto, (max-width: 960px) 100vw, 960px\" \/><\/a><\/p>\n<p>&nbsp;<\/p>\n<h2>Parter jako mieszkanie w\u0142a\u015bcicieli<\/h2>\n<p>Uk\u0142ad funkcjonalny domu to trzy kondygnacje. Parter przeznaczony zosta\u0142 na mieszkanie dla w\u0142a\u015bcicieli domu. Zaprojektowano tu otwart\u0105 cz\u0119\u015b\u0107 dzienn\u0105 z salonem i jadalni\u0105. Ca\u0142o\u015b\u0107 otaczaj\u0105 panoramiczne przeszklenia otwieraj\u0105ce wn\u0119trze na pi\u0119kny krajobraz.<\/p>\n<p><a href=\"https:\/\/www.domywstylu.pl\/projekt-domu-agrest.php\"><img loading=\"lazy\" decoding=\"async\" class=\"aligncenter wp-image-14034\" src=\"https:\/\/www.domywstylu.pl\/blog\/wp-content\/uploads\/2023\/07\/image_rzut-1-397x1024.jpg\" alt=\"Rzut parteru projektu domu Agrest\" width=\"310\" height=\"800\" srcset=\"https:\/\/www.domywstylu.pl\/blog\/wp-content\/uploads\/2023\/07\/image_rzut-1-397x1024.jpg 397w, https:\/\/www.domywstylu.pl\/blog\/wp-content\/uploads\/2023\/07\/image_rzut-1-116x300.jpg 116w, https:\/\/www.domywstylu.pl\/blog\/wp-content\/uploads\/2023\/07\/image_rzut-1.jpg 419w\" sizes=\"auto, (max-width: 310px) 100vw, 310px\" \/><\/a><\/p>\n<p>W domu pojawi\u0142a si\u0119 zamkni\u0119ta kuchnia. Zaprojektowano tu d\u0142ugi ci\u0105g blatu roboczego oraz wyj\u015bcie na zadaszony taras. Mieszka\u0144cy do dyspozycji maj\u0105 dwie sypialnie, w kt\u00f3rych wygospodarowano miejsce na wygodne \u0142\u00f3\u017cka oraz szafy. Ka\u017cda z sypialni posiada wyj\u015bcie na wsp\u00f3lny, zadaszony taras.<\/p>\n<p>&nbsp;<\/p>\n<h2>Poddasze, cz\u0119\u015b\u0107 pod wynajem<\/h2>\n<p>Poddasze to cz\u0119\u015b\u0107 domu zaprojektowana pod wynajem. Poprzez odr\u0119bne wej\u015bcie do domu dla lokator\u00f3w w postaci zewn\u0119trznych schod\u00f3w mieszka\u0144cy maj\u0105 wi\u0119ksz\u0105 prywatno\u015b\u0107.<\/p>\n<p><a href=\"https:\/\/www.domywstylu.pl\/projekt-domu-agrest.php\"><img loading=\"lazy\" decoding=\"async\" class=\"aligncenter wp-image-14032 size-large\" src=\"https:\/\/www.domywstylu.pl\/blog\/wp-content\/uploads\/2023\/07\/agrest_w5-1024x768.jpg\" alt=\"Projekt domu Agrest\" width=\"960\" height=\"720\" srcset=\"https:\/\/www.domywstylu.pl\/blog\/wp-content\/uploads\/2023\/07\/agrest_w5.jpg 1024w, https:\/\/www.domywstylu.pl\/blog\/wp-content\/uploads\/2023\/07\/agrest_w5-300x225.jpg 300w, https:\/\/www.domywstylu.pl\/blog\/wp-content\/uploads\/2023\/07\/agrest_w5-768x576.jpg 768w\" sizes=\"auto, (max-width: 960px) 100vw, 960px\" \/><\/a><\/p>\n<p>Ta cz\u0119\u015b\u0107 domu to dwie niezale\u017cne sypialnie oraz wsp\u00f3lna kuchnia. Ka\u017cda z sypialni posiada prywatn\u0105 \u0142azienk\u0119 oraz wyj\u015bcie na taras. Kuchnia pomimo, \u017ce nie jest zbyt szeroka jest niezwykle funkcjonalna. Kuchnia posiada d\u0142ugi ci\u0105g blatu roboczego.<\/p>\n<p><a href=\"https:\/\/www.domywstylu.pl\/projekt-domu-agrest.php\"><img loading=\"lazy\" decoding=\"async\" class=\"aligncenter wp-image-14035\" src=\"https:\/\/www.domywstylu.pl\/blog\/wp-content\/uploads\/2023\/07\/image_rzut-2.jpg\" alt=\"Rzut poddasza projektu domu Agrest\" width=\"332\" height=\"750\" srcset=\"https:\/\/www.domywstylu.pl\/blog\/wp-content\/uploads\/2023\/07\/image_rzut-2.jpg 390w, https:\/\/www.domywstylu.pl\/blog\/wp-content\/uploads\/2023\/07\/image_rzut-2-133x300.jpg 133w\" sizes=\"auto, (max-width: 332px) 100vw, 332px\" \/><\/a><\/p>\n<p>Bez w\u0105tpienia du\u017cym atutem b\u0119dzie strefa rekreacyjna ulokowana w piwnicy. Pojawi\u0142a si\u0119 tu sauna z \u0142azienk\u0105, si\u0142ownia oraz du\u017ca sala z bilardem. W piwnicy znalaz\u0142a si\u0119 r\u00f3wnie\u017c kot\u0142ownia oraz dodatkowe pomieszczenie gospodarcze<\/p>\n<p><a href=\"https:\/\/www.domywstylu.pl\/projekt-domu-agrest.php\"><img loading=\"lazy\" decoding=\"async\" class=\"aligncenter wp-image-14036\" src=\"https:\/\/www.domywstylu.pl\/blog\/wp-content\/uploads\/2023\/07\/image_rzut-362x1024.jpg\" alt=\"Rzut piwnicy projektu domu Agrest\" width=\"283\" height=\"800\" srcset=\"https:\/\/www.domywstylu.pl\/blog\/wp-content\/uploads\/2023\/07\/image_rzut-362x1024.jpg 362w, https:\/\/www.domywstylu.pl\/blog\/wp-content\/uploads\/2023\/07\/image_rzut-106x300.jpg 106w, https:\/\/www.domywstylu.pl\/blog\/wp-content\/uploads\/2023\/07\/image_rzut.jpg 376w\" sizes=\"auto, (max-width: 283px) 100vw, 283px\" \/><\/a><\/p>\n<p>.<\/p>\n<p>Szczeg\u00f3\u0142y projektu na stronie: <span style=\"text-decoration: underline; color: #0000ff;\"><a style=\"color: #0000ff; text-decoration: underline;\" href=\"https:\/\/www.domywstylu.pl\/projekt-domu-agrest.php\">Projekt domu Agrest<\/a><\/span><\/p>\n<p>&nbsp;<\/p>\n","protected":false},"excerpt":{"rendered":"<p>Projekt Agrest to dom z u\u017cytkowym poddaszem i piwnic\u0105. Mieszka\u0144cy do dyspozycjo maj\u0105 trzy kondygnacje o wsp\u00f3lnej powierzchni u\u017cytkowej 109 m2. To propozycja dla os\u00f3b, kt\u00f3re chcia\u0142y cz\u0119\u015b\u0107 swojego domu wynaj\u0105\u0107 lokatorom. W projekcie przewidziano r\u00f3wnie\u017c cz\u0119\u015b\u0107 wsp\u00f3ln\u0105, kt\u00f3ra jest cz\u0119\u015bci\u0105 rekreacyjn\u0105. Parter stanowi mieszkanie w\u0142a\u015bcicieli. Poddasze zaprojektowano pod wynajem. Piwnica jest cz\u0119\u015bci\u0105 rekreacyjn\u0105. Ca\u0142o\u015b\u0107 prezentuje si\u0119 niezwykle nowocze\u015bnie i z ca\u0142\u0105 pewno\u015bci\u0105 oryginalnie. AREST bez w\u0105tpienia wpisze si\u0119 w ka\u017cdy krajobraz. Dom odnajdzie si\u0119 w krajobrazie miejskim i \u015bwietnie wpisze si\u0119 w klimat podmiejski. Bez r\u00f3\u017cnicy gdzie znajdzie swoje miejsce, dzi\u0119ki du\u017cym przeszkleniom zapewni mieszka\u0144com pi\u0119kne widoki na otaczaj\u0105cy krajobraz. &nbsp; Nowoczesne wyko\u0144czenie i prosta bry\u0142a Projekt powsta\u0142 na rzucie prostok\u0105ta i zosta\u0142 przykryty dwuspadowym dachem. Zaproponowane przez autora materia\u0142y wyko\u0144czeniowe podkre\u015blaj\u0105 nowoczesny charakter domu. Elewacja w wi\u0119kszo\u015bci zosta\u0142a przykryta desk\u0105 szal\u00f3wkow\u0105. Szal\u00f3wka w kolorze naturalnego drewna ociepla budynek. W podcieniu tarasu pojawi\u0142 si\u0119 kamie\u0144 elewacyjny. Dwuspadowy dach pokryty zosta\u0142 blach\u0105 na r\u0105bek stoj\u0105cy w odcieniu grafitowym. W tym samych kolorze pojawi\u0142a si\u0119 r\u00f3wnie\u017c stolarka okienna i drzwiowa. Autor w wyko\u0144czeniu zaproponowa\u0142 r\u00f3wnie\u017c szklane i metalowe balustrady. &nbsp; Parter jako mieszkanie w\u0142a\u015bcicieli Uk\u0142ad funkcjonalny domu to trzy kondygnacje. Parter przeznaczony zosta\u0142 na mieszkanie dla w\u0142a\u015bcicieli domu. Zaprojektowano tu otwart\u0105 cz\u0119\u015b\u0107 dzienn\u0105 z salonem i jadalni\u0105. Ca\u0142o\u015b\u0107 otaczaj\u0105 panoramiczne przeszklenia otwieraj\u0105ce wn\u0119trze na pi\u0119kny krajobraz. W domu pojawi\u0142a si\u0119 zamkni\u0119ta kuchnia. Zaprojektowano tu d\u0142ugi ci\u0105g blatu roboczego oraz wyj\u015bcie na zadaszony taras. Mieszka\u0144cy do dyspozycji maj\u0105 dwie sypialnie, w kt\u00f3rych wygospodarowano miejsce na wygodne \u0142\u00f3\u017cka oraz szafy. Ka\u017cda z sypialni posiada wyj\u015bcie na wsp\u00f3lny, zadaszony taras. &nbsp; Poddasze, cz\u0119\u015b\u0107 pod wynajem Poddasze to cz\u0119\u015b\u0107 domu zaprojektowana pod wynajem. Poprzez odr\u0119bne wej\u015bcie do domu dla lokator\u00f3w w postaci zewn\u0119trznych schod\u00f3w mieszka\u0144cy maj\u0105 wi\u0119ksz\u0105 prywatno\u015b\u0107. Ta cz\u0119\u015b\u0107 domu to dwie niezale\u017cne sypialnie oraz wsp\u00f3lna kuchnia. Ka\u017cda z sypialni posiada prywatn\u0105 \u0142azienk\u0119 oraz wyj\u015bcie na taras. Kuchnia pomimo, \u017ce nie jest zbyt szeroka jest niezwykle funkcjonalna. Kuchnia posiada d\u0142ugi ci\u0105g blatu roboczego. Bez w\u0105tpienia du\u017cym atutem b\u0119dzie strefa rekreacyjna ulokowana w piwnicy. Pojawi\u0142a si\u0119 tu sauna z \u0142azienk\u0105, si\u0142ownia oraz du\u017ca sala z bilardem. W piwnicy znalaz\u0142a si\u0119 r\u00f3wnie\u017c kot\u0142ownia oraz dodatkowe pomieszczenie gospodarcze . Szczeg\u00f3\u0142y projektu na stronie: Projekt domu Agrest &nbsp;<\/p>\n","protected":false},"author":1,"featured_media":14028,"comment_status":"open","ping_status":"open","sticky":false,"template":"","format":"standard","meta":{"footnotes":""},"categories":[4],"tags":[],"class_list":["post-14027","post","type-post","status-publish","format-standard","has-post-thumbnail","hentry","category-projekty-domow"],"_links":{"self":[{"href":"https:\/\/www.domywstylu.pl\/blog\/wp-json\/wp\/v2\/posts\/14027","targetHints":{"allow":["GET"]}}],"collection":[{"href":"https:\/\/www.domywstylu.pl\/blog\/wp-json\/wp\/v2\/posts"}],"about":[{"href":"https:\/\/www.domywstylu.pl\/blog\/wp-json\/wp\/v2\/types\/post"}],"author":[{"embeddable":true,"href":"https:\/\/www.domywstylu.pl\/blog\/wp-json\/wp\/v2\/users\/1"}],"replies":[{"embeddable":true,"href":"https:\/\/www.domywstylu.pl\/blog\/wp-json\/wp\/v2\/comments?post=14027"}],"version-history":[{"count":8,"href":"https:\/\/www.domywstylu.pl\/blog\/wp-json\/wp\/v2\/posts\/14027\/revisions"}],"predecessor-version":[{"id":14044,"href":"https:\/\/www.domywstylu.pl\/blog\/wp-json\/wp\/v2\/posts\/14027\/revisions\/14044"}],"wp:featuredmedia":[{"embeddable":true,"href":"https:\/\/www.domywstylu.pl\/blog\/wp-json\/wp\/v2\/media\/14028"}],"wp:attachment":[{"href":"https:\/\/www.domywstylu.pl\/blog\/wp-json\/wp\/v2\/media?parent=14027"}],"wp:term":[{"taxonomy":"category","embeddable":true,"href":"https:\/\/www.domywstylu.pl\/blog\/wp-json\/wp\/v2\/categories?post=14027"},{"taxonomy":"post_tag","embeddable":true,"href":"https:\/\/www.domywstylu.pl\/blog\/wp-json\/wp\/v2\/tags?post=14027"}],"curies":[{"name":"wp","href":"https:\/\/api.w.org\/{rel}","templated":true}]}}