{"id":6407,"date":"2016-09-06T10:44:45","date_gmt":"2016-09-06T08:44:45","guid":{"rendered":"http:\/\/www.domywstylu.pl\/blog\/?p=6407"},"modified":"2025-05-29T14:26:46","modified_gmt":"2025-05-29T12:26:46","slug":"kup-projekt-na-wygodny-i-energooszczedny-dom-i-odbierz-okno-velux-standard-plus","status":"publish","type":"post","link":"https:\/\/www.domywstylu.pl\/blog\/2016\/09\/06\/kup-projekt-na-wygodny-i-energooszczedny-dom-i-odbierz-okno-velux-standard-plus\/","title":{"rendered":"Kup projekt wygodnego i energooszcz\u0119dnego domu i odbierz okno Velux Standard Plus!"},"content":{"rendered":"<p style=\"text-align: justify;\"><strong>Dom aktywnych rozwi\u0105za\u0144 stworzony dla Twojego komfortu!<\/strong><\/p>\n<p style=\"text-align: justify;\"><strong>Z inicjatywy firmy VELUX i pracowni projektowej MTM Styl powsta\u0142a kolekcja <a href=\"https:\/\/www.domywstylu.pl\/domy-nowoczesne\/\">projekt\u00f3w nowoczesnych dom\u00f3w<\/a> nawi\u0105zuj\u0105ca do idei budownictwa aktywnego. Tworz\u0105 j\u0105 <a href=\"https:\/\/www.domywstylu.pl\/domy-energooszczedne\/\">projekty energooszcz\u0119dnych dom\u00f3w<\/a> z rozbudowanym pakietem praktycznych rozwi\u0105za\u0144 zapewniaj\u0105cych wyj\u0105tkowy komfort mieszka\u0144com.<\/strong><\/p>\n<p style=\"text-align: justify;\">Wa\u017cn\u0105 rol\u0119 w projektach pe\u0142ni\u0105 okna dachowe VELUX z unikaln\u0105 technologi\u0105 Thermotechnology\u2122, dost\u0119pne w r\u00f3\u017cnych typach i rodzajach, jak r\u00f3wnie\u017c przes\u0142ony s\u0142oneczne, kt\u00f3re dodatkowo poprawiaj\u0105 bilans energetyczny i znacz\u0105co wp\u0142ywaj\u0105 na komfort oraz energooszcz\u0119dno\u015b\u0107 \u201eDom\u00f3w aktywnych rozwi\u0105za\u0144\u201d.<\/p>\n<p style=\"text-align: justify;\">Obecnie ponad 90% czasu sp\u0119dzamy wewn\u0105trz budynk\u00f3w, odpowiednie do\u015bwietlenie, komfort cieplny, a tak\u017ce jako\u015b\u0107 powietrza wewn\u0119trznego maj\u0105 kluczowe znaczenie dla zdrowia, dobrego nastroju i samopoczucia mieszka\u0144c\u00f3w.<\/p>\n<p style=\"text-align: justify;\">Koncepcja \u201eDom\u00f3w aktywnych rozwi\u0105za\u0144\u201d zach\u0119ca do zredukowania zu\u017cycia energii poprzez odpowiedni\u0105 lokalizacj\u0119 budynku na dzia\u0142ce, w\u0142a\u015bciwe zaplanowanie okien wzgl\u0119dem stron \u015bwiata, zastosowanie odpowiedniej izolacji cieplnej i nowoczesnych system\u00f3w instalacji przy wykorzystaniu odnawialnych \u017ar\u00f3de\u0142 energii.<\/p>\n<p style=\"text-align: justify;\">\u201eDomy aktywnych rozwi\u0105za\u0144\u201d to kolekcja 25 projekt\u00f3w, r\u00f3\u017cnorodnych pod wzgl\u0119dem stylu, wielko\u015bci i rozk\u0142adu pomieszcze\u0144, oferuj\u0105cych wyj\u0105tkowy komfort ich przysz\u0142ym mieszka\u0144com. R\u00f3wnie\u017c dzi\u0119ki zastosowaniu szerokiej gamy produkt\u00f3w VELUX, kt\u00f3re zapewniaj\u0105 wn\u0119trza pe\u0142ne \u015bwiat\u0142a i \u015bwie\u017cego powietrza oraz komfort termiczny latem i zim\u0105.<\/p>\n<p style=\"text-align: justify;\"><a href=\"https:\/\/www.domywstylu.pl\/\">Projekty \u201eDom\u00f3w aktywnych rozwi\u0105za\u0144\u201d<\/a> z oferty Biura projektowego MTM Styl:<\/p>\n<p style=\"text-align: center;\"><a href=\"https:\/\/www.domywstylu.pl\/blog\/wp-content\/uploads\/2016\/09\/agawa_2_w1.jpg\" rel=\"lightbox[6407]\"><img loading=\"lazy\" decoding=\"async\" class=\"aligncenter wp-image-6409 size-full\" src=\"https:\/\/www.domywstylu.pl\/blog\/wp-content\/uploads\/2016\/09\/agawa_2_w1.jpg\" alt=\"agawa_2_w1\" width=\"940\" height=\"740\" srcset=\"https:\/\/www.domywstylu.pl\/blog\/wp-content\/uploads\/2016\/09\/agawa_2_w1.jpg 940w, https:\/\/www.domywstylu.pl\/blog\/wp-content\/uploads\/2016\/09\/agawa_2_w1-300x236.jpg 300w, https:\/\/www.domywstylu.pl\/blog\/wp-content\/uploads\/2016\/09\/agawa_2_w1-310x244.jpg 310w, https:\/\/www.domywstylu.pl\/blog\/wp-content\/uploads\/2016\/09\/agawa_2_w1-770x606.jpg 770w\" sizes=\"auto, (max-width: 940px) 100vw, 940px\" \/><\/a>Projekt Agawa 2. Szczeg\u00f3\u0142y projektu na stronie <a href=\"https:\/\/www.domywstylu.pl\/projekt-domu-agawa_2.php\" target=\"_blank\" rel=\"noopener\">https:\/\/www.domywstylu.pl\/projekt-domu-agawa_2.php<\/a><\/p>\n<p style=\"text-align: center;\"><a href=\"https:\/\/www.domywstylu.pl\/blog\/wp-content\/uploads\/2016\/09\/amarant_w1.jpg\" rel=\"lightbox[6407]\"><img loading=\"lazy\" decoding=\"async\" class=\"aligncenter wp-image-6411 size-full\" src=\"https:\/\/www.domywstylu.pl\/blog\/wp-content\/uploads\/2016\/09\/amarant_w1.jpg\" alt=\"amarant_w1\" width=\"940\" height=\"740\" srcset=\"https:\/\/www.domywstylu.pl\/blog\/wp-content\/uploads\/2016\/09\/amarant_w1.jpg 940w, https:\/\/www.domywstylu.pl\/blog\/wp-content\/uploads\/2016\/09\/amarant_w1-300x236.jpg 300w, https:\/\/www.domywstylu.pl\/blog\/wp-content\/uploads\/2016\/09\/amarant_w1-310x244.jpg 310w, https:\/\/www.domywstylu.pl\/blog\/wp-content\/uploads\/2016\/09\/amarant_w1-770x606.jpg 770w\" sizes=\"auto, (max-width: 940px) 100vw, 940px\" \/><\/a>Projekt Amarant. Szczeg\u00f3\u0142y projektu na stronie <a href=\"https:\/\/www.domywstylu.pl\/projekt-domu-amarant.php\" target=\"_blank\" rel=\"noopener\">https:\/\/www.domywstylu.pl\/projekt-domu-amarant.php<\/a><\/p>\n<p style=\"text-align: center;\"><a href=\"https:\/\/www.domywstylu.pl\/blog\/wp-content\/uploads\/2016\/09\/amarylis_2_w1.jpg\" rel=\"lightbox[6407]\"><img loading=\"lazy\" decoding=\"async\" class=\" wp-image-6412 size-full aligncenter\" src=\"https:\/\/www.domywstylu.pl\/blog\/wp-content\/uploads\/2016\/09\/amarylis_2_w1.jpg\" alt=\"amarylis_2_w1\" width=\"940\" height=\"740\" srcset=\"https:\/\/www.domywstylu.pl\/blog\/wp-content\/uploads\/2016\/09\/amarylis_2_w1.jpg 940w, https:\/\/www.domywstylu.pl\/blog\/wp-content\/uploads\/2016\/09\/amarylis_2_w1-300x236.jpg 300w, https:\/\/www.domywstylu.pl\/blog\/wp-content\/uploads\/2016\/09\/amarylis_2_w1-310x244.jpg 310w, https:\/\/www.domywstylu.pl\/blog\/wp-content\/uploads\/2016\/09\/amarylis_2_w1-770x606.jpg 770w\" sizes=\"auto, (max-width: 940px) 100vw, 940px\" \/><\/a>Projekt Amarylis 2. Szczeg\u00f3\u0142y projektu na stronie <a href=\"https:\/\/www.domywstylu.pl\/projekt-domu-amarylis_2.php\" target=\"_blank\" rel=\"noopener\">https:\/\/www.domywstylu.pl\/projekt-domu-amarylis_2.php<\/a><\/p>\n<p style=\"text-align: center;\"><a href=\"https:\/\/www.domywstylu.pl\/blog\/wp-content\/uploads\/2016\/09\/azuryt_2_w1.jpg\" rel=\"lightbox[6407]\"><img loading=\"lazy\" decoding=\"async\" class=\"aligncenter wp-image-6413 size-full\" src=\"https:\/\/www.domywstylu.pl\/blog\/wp-content\/uploads\/2016\/09\/azuryt_2_w1.jpg\" alt=\"azuryt_2_w1\" width=\"940\" height=\"740\" srcset=\"https:\/\/www.domywstylu.pl\/blog\/wp-content\/uploads\/2016\/09\/azuryt_2_w1.jpg 940w, https:\/\/www.domywstylu.pl\/blog\/wp-content\/uploads\/2016\/09\/azuryt_2_w1-300x236.jpg 300w, https:\/\/www.domywstylu.pl\/blog\/wp-content\/uploads\/2016\/09\/azuryt_2_w1-310x244.jpg 310w, https:\/\/www.domywstylu.pl\/blog\/wp-content\/uploads\/2016\/09\/azuryt_2_w1-770x606.jpg 770w\" sizes=\"auto, (max-width: 940px) 100vw, 940px\" \/><\/a>Projekt Azuryt 2. Szczeg\u00f3\u0142y projektu na stronie <a href=\"https:\/\/www.domywstylu.pl\/projekt-domu-azuryt_2.php\" target=\"_blank\" rel=\"noopener\">https:\/\/www.domywstylu.pl\/projekt-domu-azuryt_2.php<\/a><\/p>\n<p style=\"text-align: center;\"><a href=\"https:\/\/www.domywstylu.pl\/blog\/wp-content\/uploads\/2016\/09\/dudek_2_w1-nowe.jpg\" rel=\"lightbox[6407]\"><img loading=\"lazy\" decoding=\"async\" class=\"aligncenter wp-image-7036 size-large\" src=\"https:\/\/www.domywstylu.pl\/blog\/wp-content\/uploads\/2016\/09\/dudek_2_w1-nowe-1024x768.jpg\" alt=\"dudek_2_w1 nowe\" width=\"710\" height=\"533\" srcset=\"https:\/\/www.domywstylu.pl\/blog\/wp-content\/uploads\/2016\/09\/dudek_2_w1-nowe-1024x768.jpg 1024w, https:\/\/www.domywstylu.pl\/blog\/wp-content\/uploads\/2016\/09\/dudek_2_w1-nowe-300x225.jpg 300w, https:\/\/www.domywstylu.pl\/blog\/wp-content\/uploads\/2016\/09\/dudek_2_w1-nowe-310x233.jpg 310w, https:\/\/www.domywstylu.pl\/blog\/wp-content\/uploads\/2016\/09\/dudek_2_w1-nowe-770x578.jpg 770w, https:\/\/www.domywstylu.pl\/blog\/wp-content\/uploads\/2016\/09\/dudek_2_w1-nowe.jpg 1600w\" sizes=\"auto, (max-width: 710px) 100vw, 710px\" \/><\/a>Projekt Dudek 2. Szczeg\u00f3\u0142y projektu na stronie <a href=\"https:\/\/www.domywstylu.pl\/projekt-domu-dudek_2.php\" target=\"_blank\" rel=\"noopener\">https:\/\/www.domywstylu.pl\/projekt-domu-dudek_2.php<\/a><\/p>\n<p style=\"text-align: justify;\">Nie zwlekaj z wyborem projektu <strong>\u2013 do 75 pierwszych kupionych projekt\u00f3w z kolekcji okno VELUX Standard Plus gratis! Promocja <strong>Dom aktywnych<\/strong> rozwi\u0105za\u0144 trwa od <strong>01.06.2016<\/strong> do <strong>31.12.2017<\/strong>.<br \/>\n<\/strong><\/p>\n<p style=\"text-align: justify;\">\u00a0JAK SKORZYSTA\u0106 Z PROMOCJI:<\/p>\n<ul>\n<li>Kup projekt z kolekcji \u201eDom aktywnych rozwi\u0105za\u0144\u201d<\/li>\n<li>Zarejestruj go na stronie: <a href=\"http:\/\/www.velux.pl\/promocje\/domyaktywne\" target=\"_blank\" rel=\"nofollow noopener\">http:\/\/www.velux.pl\/promocje\/domyaktywne<\/a><\/li>\n<li>Twoj\u0105 budow\u0119 odwiedzi przedstawiciel VELUX<\/li>\n<li>Dostarczymy Ci wybrane okno VELUX Standard Plus<\/li>\n<\/ul>\n<p style=\"text-align: justify;\">Wszyscy, kt\u00f3rzy kupi\u0105 projekt z kolekcji b\u0119d\u0105 mogli skorzysta\u0107 z fachowej pomocy doradczej kontaktuj\u0105c si\u0119 z dzia\u0142em obs\u0142ugi klienta VELUX, na ka\u017cdym etapie inwestycji: tel.: 22 33 77\u00a0000; e-mail: <a href=\"mailto:kontakt@velux.pl\" target=\"_blank\" rel=\"nofollow\">kontakt@velux.pl<\/a><\/p>\n<p style=\"text-align: justify;\">Pomo\u017cemy Ci dobra\u0107 okna, odpowiednie do r\u00f3\u017cnego rodzaju pomieszcze\u0144, o doskona\u0142ym bilansie energetycznym oraz przes\u0142ony, kt\u00f3re dodatkowo ochroni\u0105 przed stratami ciep\u0142a zim\u0105 oraz przed przegrzewaniem pomieszcze\u0144 latem. Polecimy r\u00f3wnie\u017c rekomendowanego wykonawc\u0119 VELUX, odpowiemy na wszystkie pytania odno\u015bnie ciep\u0142ego monta\u017cu i u\u017cytkowania.<\/p>\n","protected":false},"excerpt":{"rendered":"<p>Dom aktywnych rozwi\u0105za\u0144 stworzony dla Twojego komfortu! Z inicjatywy firmy VELUX i pracowni projektowej MTM Styl powsta\u0142a kolekcja projekt\u00f3w nowoczesnych dom\u00f3w nawi\u0105zuj\u0105ca do idei budownictwa aktywnego. Tworz\u0105 j\u0105 projekty energooszcz\u0119dnych dom\u00f3w z rozbudowanym pakietem praktycznych rozwi\u0105za\u0144 zapewniaj\u0105cych wyj\u0105tkowy komfort mieszka\u0144com. Wa\u017cn\u0105 rol\u0119 w projektach pe\u0142ni\u0105 okna dachowe VELUX z unikaln\u0105 technologi\u0105 Thermotechnology\u2122, dost\u0119pne w r\u00f3\u017cnych typach i rodzajach, jak r\u00f3wnie\u017c przes\u0142ony s\u0142oneczne, kt\u00f3re dodatkowo poprawiaj\u0105 bilans energetyczny i znacz\u0105co wp\u0142ywaj\u0105 na komfort oraz energooszcz\u0119dno\u015b\u0107 \u201eDom\u00f3w aktywnych rozwi\u0105za\u0144\u201d. Obecnie ponad 90% czasu sp\u0119dzamy wewn\u0105trz budynk\u00f3w, odpowiednie do\u015bwietlenie, komfort cieplny, a tak\u017ce jako\u015b\u0107 powietrza wewn\u0119trznego maj\u0105 kluczowe znaczenie dla zdrowia, dobrego nastroju i samopoczucia mieszka\u0144c\u00f3w. Koncepcja \u201eDom\u00f3w aktywnych rozwi\u0105za\u0144\u201d zach\u0119ca do zredukowania zu\u017cycia energii poprzez odpowiedni\u0105 lokalizacj\u0119 budynku na dzia\u0142ce, w\u0142a\u015bciwe zaplanowanie okien wzgl\u0119dem stron \u015bwiata, zastosowanie odpowiedniej izolacji cieplnej i nowoczesnych system\u00f3w instalacji przy wykorzystaniu odnawialnych \u017ar\u00f3de\u0142 energii. \u201eDomy aktywnych rozwi\u0105za\u0144\u201d to kolekcja 25 projekt\u00f3w, r\u00f3\u017cnorodnych pod wzgl\u0119dem stylu, wielko\u015bci i rozk\u0142adu pomieszcze\u0144, oferuj\u0105cych wyj\u0105tkowy komfort ich przysz\u0142ym mieszka\u0144com. R\u00f3wnie\u017c dzi\u0119ki zastosowaniu szerokiej gamy produkt\u00f3w VELUX, kt\u00f3re zapewniaj\u0105 wn\u0119trza pe\u0142ne \u015bwiat\u0142a i \u015bwie\u017cego powietrza oraz komfort termiczny latem i zim\u0105. Projekty \u201eDom\u00f3w aktywnych rozwi\u0105za\u0144\u201d z oferty Biura projektowego MTM Styl: Projekt Agawa 2. Szczeg\u00f3\u0142y projektu na stronie https:\/\/www.domywstylu.pl\/projekt-domu-agawa_2.php Projekt Amarant. Szczeg\u00f3\u0142y projektu na stronie https:\/\/www.domywstylu.pl\/projekt-domu-amarant.php Projekt Amarylis 2. Szczeg\u00f3\u0142y projektu na stronie https:\/\/www.domywstylu.pl\/projekt-domu-amarylis_2.php Projekt Azuryt 2. Szczeg\u00f3\u0142y projektu na stronie https:\/\/www.domywstylu.pl\/projekt-domu-azuryt_2.php Projekt Dudek 2. Szczeg\u00f3\u0142y projektu na stronie https:\/\/www.domywstylu.pl\/projekt-domu-dudek_2.php Nie zwlekaj z wyborem projektu \u2013 do 75 pierwszych kupionych projekt\u00f3w z kolekcji okno VELUX Standard Plus gratis! Promocja Dom aktywnych rozwi\u0105za\u0144 trwa od 01.06.2016 do 31.12.2017. \u00a0JAK SKORZYSTA\u0106 Z PROMOCJI: Kup projekt z kolekcji \u201eDom aktywnych rozwi\u0105za\u0144\u201d Zarejestruj go na stronie: http:\/\/www.velux.pl\/promocje\/domyaktywne Twoj\u0105 budow\u0119 odwiedzi przedstawiciel VELUX Dostarczymy Ci wybrane okno VELUX Standard Plus Wszyscy, kt\u00f3rzy kupi\u0105 projekt z kolekcji b\u0119d\u0105 mogli skorzysta\u0107 z fachowej pomocy doradczej kontaktuj\u0105c si\u0119 z dzia\u0142em obs\u0142ugi klienta VELUX, na ka\u017cdym etapie inwestycji: tel.: 22 33 77\u00a0000; e-mail: kontakt@velux.pl Pomo\u017cemy Ci dobra\u0107 okna, odpowiednie do r\u00f3\u017cnego rodzaju pomieszcze\u0144, o doskona\u0142ym bilansie energetycznym oraz przes\u0142ony, kt\u00f3re dodatkowo ochroni\u0105 przed stratami ciep\u0142a zim\u0105 oraz przed przegrzewaniem pomieszcze\u0144 latem. Polecimy r\u00f3wnie\u017c rekomendowanego wykonawc\u0119 VELUX, odpowiemy na wszystkie pytania odno\u015bnie ciep\u0142ego monta\u017cu i u\u017cytkowania.<\/p>\n","protected":false},"author":1,"featured_media":6408,"comment_status":"open","ping_status":"open","sticky":false,"template":"","format":"standard","meta":{"footnotes":""},"categories":[1],"tags":[],"class_list":["post-6407","post","type-post","status-publish","format-standard","has-post-thumbnail","hentry","category-aktualnosci"],"_links":{"self":[{"href":"https:\/\/www.domywstylu.pl\/blog\/wp-json\/wp\/v2\/posts\/6407","targetHints":{"allow":["GET"]}}],"collection":[{"href":"https:\/\/www.domywstylu.pl\/blog\/wp-json\/wp\/v2\/posts"}],"about":[{"href":"https:\/\/www.domywstylu.pl\/blog\/wp-json\/wp\/v2\/types\/post"}],"author":[{"embeddable":true,"href":"https:\/\/www.domywstylu.pl\/blog\/wp-json\/wp\/v2\/users\/1"}],"replies":[{"embeddable":true,"href":"https:\/\/www.domywstylu.pl\/blog\/wp-json\/wp\/v2\/comments?post=6407"}],"version-history":[{"count":13,"href":"https:\/\/www.domywstylu.pl\/blog\/wp-json\/wp\/v2\/posts\/6407\/revisions"}],"predecessor-version":[{"id":13296,"href":"https:\/\/www.domywstylu.pl\/blog\/wp-json\/wp\/v2\/posts\/6407\/revisions\/13296"}],"wp:featuredmedia":[{"embeddable":true,"href":"https:\/\/www.domywstylu.pl\/blog\/wp-json\/wp\/v2\/media\/6408"}],"wp:attachment":[{"href":"https:\/\/www.domywstylu.pl\/blog\/wp-json\/wp\/v2\/media?parent=6407"}],"wp:term":[{"taxonomy":"category","embeddable":true,"href":"https:\/\/www.domywstylu.pl\/blog\/wp-json\/wp\/v2\/categories?post=6407"},{"taxonomy":"post_tag","embeddable":true,"href":"https:\/\/www.domywstylu.pl\/blog\/wp-json\/wp\/v2\/tags?post=6407"}],"curies":[{"name":"wp","href":"https:\/\/api.w.org\/{rel}","templated":true}]}}